{"id":140044,"date":"2021-06-02T20:21:28","date_gmt":"2021-06-02T23:21:28","guid":{"rendered":"http:\/\/www.blogdotarugao.com.br\/v1\/?p=140044"},"modified":"2021-06-02T20:21:28","modified_gmt":"2021-06-02T23:21:28","slug":"jornalistas-sao-mantidos-em-grupos-prioritario-de-vacinacao-pelo-tj-ba","status":"publish","type":"post","link":"https:\/\/www.blogdotarugao.com.br\/v1\/2021\/06\/02\/jornalistas-sao-mantidos-em-grupos-prioritario-de-vacinacao-pelo-tj-ba\/","title":{"rendered":"JORNALISTAS S\u00c3O MANTIDOS EM GRUPOS PRIORIT\u00c1RIO DE VACINA\u00c7\u00c3O PELO TJ-BA"},"content":{"rendered":"<h3><img loading=\"lazy\" class=\"alignleft\" src=\"https:\/\/1.bp.blogspot.com\/-SV_lJK6EFuI\/YLf7wUixMLI\/AAAAAAAAk0E\/HJYYJCvJCjQOZZXy7BYWgCHCJ37B12PQwCLcBGAsYHQ\/w508-h356\/kjdekjre.jpeg\" width=\"585\" height=\"410\" \/><\/h3>\n<h3>O Tribunal de Justi\u00e7a da Bahia (TJ-BA) negou o mandado de seguran\u00e7a feito pelo Minist\u00e9rio P\u00fablico da Bahia (MP-BA) no qual tentava impedir a vacina\u00e7\u00e3o dos profissionais de imprensa, aprovado no \u00faltimo dia 18 de maio pela Comiss\u00e3o Intergestores Bipartite (CIB).<\/h3>\n<h3>Na decis\u00e3o, o desembargador Jos\u00e9 C\u00edcero Landim Neto, presidente da Turma de Uniformiza\u00e7\u00e3o de Jurisprud\u00eancia das Turmas Recursais do TJ-BA, afirmou que as considera\u00e7\u00f5es apresentadas pelo MP \u201cn\u00e3o est\u00e3o fundamentadas em crit\u00e9rios t\u00e9cnicos e cient\u00edficos\u201d e que \u201cpriorizar os profissionais de comunica\u00e7\u00e3o n\u00e3o significa deixar de vacinar grupos priorit\u00e1rios que seguem no calend\u00e1rio de vacina\u00e7\u00e3o pois verifica-se escalonamento da vacina\u00e7\u00e3o obedecendo o Plano Nacional de Operacionaliza\u00e7\u00e3o da vacina contra a covid-19\u201d.<\/h3>\n<h3>Al\u00e9m disso, o desembargador Ladim Neto reiterou ainda que \u201ca defini\u00e7\u00e3o de grupos priorit\u00e1rios para a vacina\u00e7\u00e3o \u00e9 uma decis\u00e3o que est\u00e1 na esfera do m\u00e9rito administrativo do ente estatal, restringindo-se a interven\u00e7\u00e3o do Poder Judici\u00e1rio neste caso somente em caso de viola\u00e7\u00e3o da legalidade e razoabilidade\u201d.<\/h3>\n<h3>A decis\u00e3o ocorreu ap\u00f3s uma mobiliza\u00e7\u00e3o realizada pelo Sindicato dos Jornalistas na Bahia (Sinjorba) que se manifestou contra a tentativa do MP de retirar os profissionais de comunica\u00e7\u00e3o do grupo priorit\u00e1rio de vacina\u00e7\u00e3o. Para o presidente do sindicato, Moacy Neves, \u201cagora, com a decis\u00e3o do TJ\/BA, n\u00e3o h\u00e1 raz\u00e3o alguma para n\u00e3o vacinar os profissionais de comunica\u00e7\u00e3o que est\u00e3o na linha de frente no combate \u00e0 Covid, do mesmo modo que policiais, bombeiros e professores\u201d, afirmou.<\/h3>\n<p><span style=\"color: #0000ff;\">AF<\/span><\/p>\n","protected":false},"excerpt":{"rendered":"<p>O Tribunal de Justi\u00e7a da Bahia (TJ-BA) negou o mandado de seguran\u00e7a feito pelo Minist\u00e9rio P\u00fablico da Bahia (MP-BA) no qual tentava impedir a vacina\u00e7\u00e3o dos profissionais de imprensa, aprovado no \u00faltimo dia 18 de maio pela Comiss\u00e3o Intergestores Bipartite (CIB). Na decis\u00e3o, o desembargador Jos\u00e9 C\u00edcero Landim Neto, presidente da Turma de Uniformiza\u00e7\u00e3o de [&hellip;]<\/p>\n","protected":false},"author":2,"featured_media":0,"comment_status":"open","ping_status":"open","sticky":false,"template":"","format":"standard","meta":{"_links_to":"","_links_to_target":""},"categories":[1],"tags":[],"_links":{"self":[{"href":"https:\/\/www.blogdotarugao.com.br\/v1\/wp-json\/wp\/v2\/posts\/140044"}],"collection":[{"href":"https:\/\/www.blogdotarugao.com.br\/v1\/wp-json\/wp\/v2\/posts"}],"about":[{"href":"https:\/\/www.blogdotarugao.com.br\/v1\/wp-json\/wp\/v2\/types\/post"}],"author":[{"embeddable":true,"href":"https:\/\/www.blogdotarugao.com.br\/v1\/wp-json\/wp\/v2\/users\/2"}],"replies":[{"embeddable":true,"href":"https:\/\/www.blogdotarugao.com.br\/v1\/wp-json\/wp\/v2\/comments?post=140044"}],"version-history":[{"count":1,"href":"https:\/\/www.blogdotarugao.com.br\/v1\/wp-json\/wp\/v2\/posts\/140044\/revisions"}],"predecessor-version":[{"id":140045,"href":"https:\/\/www.blogdotarugao.com.br\/v1\/wp-json\/wp\/v2\/posts\/140044\/revisions\/140045"}],"wp:attachment":[{"href":"https:\/\/www.blogdotarugao.com.br\/v1\/wp-json\/wp\/v2\/media?parent=140044"}],"wp:term":[{"taxonomy":"category","embeddable":true,"href":"https:\/\/www.blogdotarugao.com.br\/v1\/wp-json\/wp\/v2\/categories?post=140044"},{"taxonomy":"post_tag","embeddable":true,"href":"https:\/\/www.blogdotarugao.com.br\/v1\/wp-json\/wp\/v2\/tags?post=140044"}],"curies":[{"name":"wp","href":"https:\/\/api.w.org\/{rel}","templated":true}]}}