{"id":140051,"date":"2021-06-03T14:16:37","date_gmt":"2021-06-03T17:16:37","guid":{"rendered":"http:\/\/www.blogdotarugao.com.br\/v1\/?p=140051"},"modified":"2021-06-03T14:16:37","modified_gmt":"2021-06-03T17:16:37","slug":"nota-de-falecimento-faleceu-marina-angelica-pereira","status":"publish","type":"post","link":"https:\/\/www.blogdotarugao.com.br\/v1\/2021\/06\/03\/nota-de-falecimento-faleceu-marina-angelica-pereira\/","title":{"rendered":"NOTA DE FALECIMENTO: FALECEU MARINA ANG\u00c9LICA PEREIRA"},"content":{"rendered":"<h3><img loading=\"lazy\" class=\"alignnone  wp-image-140052\" src=\"http:\/\/www.blogdotarugao.com.br\/v1\/wp-content\/uploads\/2021\/06\/d-maeina-501x600.jpeg\" alt=\"\" width=\"534\" height=\"640\" srcset=\"https:\/\/www.blogdotarugao.com.br\/v1\/wp-content\/uploads\/2021\/06\/d-maeina-501x600.jpeg 501w, https:\/\/www.blogdotarugao.com.br\/v1\/wp-content\/uploads\/2021\/06\/d-maeina.jpeg 600w\" sizes=\"(max-width: 534px) 100vw, 534px\" \/><\/h3>\n<h3>\u00c9 com muita tristeza que os filhos, Osmar Pereira, Edvaldo, Nilton, Eliete e Zenaide comunicam o falecimento de D\u00aa <span style=\"color: #0000ff;\">MARINA ANG\u00c9LICA PEREIRA<\/span>, conhecida como Dona Nem, moradora da rua Itamb\u00e9, bairro Camac\u00e3.<\/h3>\n<h3>O Corpo est\u00e1 sendo velado na Pax Perfei\u00e7\u00e3o e o sepultamento est\u00e1 previsto para as 17:00 horas desta quinta feira (03 ), no cemit\u00e9rio Central.<\/h3>\n<h2>\u201cO Senhor, pois, \u00e9 aquele que vai adiante de ti; ele ser\u00e1 contigo, n\u00e3o te deixar\u00e1, nem te desamparar\u00e1; n\u00e3o temas, nem te espantes.\u201d<\/h2>\n<p><cite>Deuteron\u00f4mio 31:8<\/cite><\/p>\n<p><span style=\"color: #0000ff;\">RK<\/span><\/p>\n","protected":false},"excerpt":{"rendered":"<p>\u00c9 com muita tristeza que os filhos, Osmar Pereira, Edvaldo, Nilton, Eliete e Zenaide comunicam o falecimento de D\u00aa MARINA ANG\u00c9LICA PEREIRA, conhecida como Dona Nem, moradora da rua Itamb\u00e9, bairro Camac\u00e3. O Corpo est\u00e1 sendo velado na Pax Perfei\u00e7\u00e3o e o sepultamento est\u00e1 previsto para as 17:00 horas desta quinta feira (03 ), no [&hellip;]<\/p>\n","protected":false},"author":2,"featured_media":0,"comment_status":"open","ping_status":"open","sticky":false,"template":"","format":"standard","meta":{"_links_to":"","_links_to_target":""},"categories":[1],"tags":[],"_links":{"self":[{"href":"https:\/\/www.blogdotarugao.com.br\/v1\/wp-json\/wp\/v2\/posts\/140051"}],"collection":[{"href":"https:\/\/www.blogdotarugao.com.br\/v1\/wp-json\/wp\/v2\/posts"}],"about":[{"href":"https:\/\/www.blogdotarugao.com.br\/v1\/wp-json\/wp\/v2\/types\/post"}],"author":[{"embeddable":true,"href":"https:\/\/www.blogdotarugao.com.br\/v1\/wp-json\/wp\/v2\/users\/2"}],"replies":[{"embeddable":true,"href":"https:\/\/www.blogdotarugao.com.br\/v1\/wp-json\/wp\/v2\/comments?post=140051"}],"version-history":[{"count":1,"href":"https:\/\/www.blogdotarugao.com.br\/v1\/wp-json\/wp\/v2\/posts\/140051\/revisions"}],"predecessor-version":[{"id":140053,"href":"https:\/\/www.blogdotarugao.com.br\/v1\/wp-json\/wp\/v2\/posts\/140051\/revisions\/140053"}],"wp:attachment":[{"href":"https:\/\/www.blogdotarugao.com.br\/v1\/wp-json\/wp\/v2\/media?parent=140051"}],"wp:term":[{"taxonomy":"category","embeddable":true,"href":"https:\/\/www.blogdotarugao.com.br\/v1\/wp-json\/wp\/v2\/categories?post=140051"},{"taxonomy":"post_tag","embeddable":true,"href":"https:\/\/www.blogdotarugao.com.br\/v1\/wp-json\/wp\/v2\/tags?post=140051"}],"curies":[{"name":"wp","href":"https:\/\/api.w.org\/{rel}","templated":true}]}}