{"id":140118,"date":"2021-06-07T06:43:01","date_gmt":"2021-06-07T09:43:01","guid":{"rendered":"http:\/\/www.blogdotarugao.com.br\/v1\/?p=140118"},"modified":"2021-06-07T06:43:01","modified_gmt":"2021-06-07T09:43:01","slug":"jovens-preencheram-7-de-cada-10-vagas-formais-abertas-em-2021","status":"publish","type":"post","link":"https:\/\/www.blogdotarugao.com.br\/v1\/2021\/06\/07\/jovens-preencheram-7-de-cada-10-vagas-formais-abertas-em-2021\/","title":{"rendered":"JOVENS PREENCHERAM 7 DE CADA 10 VAGAS FORMAIS ABERTAS EM 2021"},"content":{"rendered":"<h3><img loading=\"lazy\" class=\"alignleft\" src=\"https:\/\/img.r7.com\/images\/reuters-carteira-de-trabalho-emprego-30032021180005024?dimensions=442x241&amp;&amp;amp;&amp;amp;&amp;amp;&amp;amp;&amp;amp;&amp;amp;&amp;amp;&amp;amp;&amp;amp;&amp;amp;&amp;amp;&amp;amp;&amp;amp;&amp;amp;&amp;amp;&amp;amp;&amp;amp;&amp;amp;resize=442x241&amp;amp;crop=1280x698+0+56&amp;amp;&amp;amp;&amp;amp;&amp;amp;&amp;amp;&amp;amp;&amp;amp;&amp;amp;&amp;amp;&amp;amp;&amp;amp;&amp;amp;&amp;amp;&amp;amp;&amp;amp;&amp;amp;&amp;amp;&amp;amp;resize=442x241&amp;amp;crop=1280x698+0+56\" alt=\"Brasil criou 957.889 empregos formais no 1\u00ba quadrimestre\" width=\"585\" height=\"319\" \/><\/h3>\n<h3>Ap\u00f3s a pandemia do novo coronav\u00edrus atingir significativamente o mercado de trabalho brasileiro em 2020, a retomada das contrata\u00e7\u00f5es formais \u00e9 guiada pelos mais jovens. Dos 957.889 postos com carteira assinada criados entre janeiro e abril, 70,75% (677.732) foram ocupados por profissionais com menos de 30 anos.<\/h3>\n<h3>De acordo com dados do Caged (Cadastro Geral de Empregados e Desempregados), a maior parte das contrata\u00e7\u00f5es do per\u00edodo envolveram jovens com idade entre 18 e 24 anos (450.788 vagas). O n\u00famero corresponde a quase metade (47%) de todas admiss\u00f5es formais realizadas em 2021.<\/h3>\n<h3>Para quem tem entre 25 e 29 anos, foram registradas 153.343 admiss\u00f5es a mais do que demiss\u00f5es nos quatro primeiros meses do ano. J\u00e1 entre os menores de 17 anos, o saldo do mercado de trabalho formal \u00e9 positivo em 73.601 postos.<\/h3>\n<h3>Tamb\u00e9m foram mais contratados do que desligados os profissionais com idades entre 30 e 39 anos (198.790) e 40 e 49 anos (120.581). Por outro lado, os mais velhos amargaram quase 40 mil demiss\u00f5es a mais do que admiss\u00f5es entre janeiro e abril.<\/h3>\n<h3>Na an\u00e1lise por g\u00eanero, foram contabilizadas 574.691 contrata\u00e7\u00f5es com carteira assinada de homens e 383.198 de mulheres. Em ambos os casos, as maiores admiss\u00f5es foram destinadas a profissionais com idade entre 18 e 24 anos.<\/h3>\n<h3>Os dados apresentam ainda que, do total de contratados para atuar formalmente no Brasil at\u00e9 abril, 66,4% (636.032) possu\u00ed o ensino m\u00e9dio completo. Entre eles, a maioria das admiss\u00f5es \u00e9 destinada para trabalhar na produ\u00e7\u00e3o de bens e servi\u00e7os industriais.<\/h3>\n<h3>Na sequ\u00eancia, aparecem aqueles com ensino superior completo, com 139.835 (14,6%) novos alocados no mercado com carteira assinada no primeiro quadrimestre de 2021. A maioria dessas admiss\u00f5es (84.994) foi destinada a profissionais das \u00e1reas de ci\u00eancias e das artes.<\/h3>\n<h3>Tamb\u00e9m registraram saldo positivos na cria\u00e7\u00e3o de vagas formais nos quatro primeiros meses deste ano os trabalhadores com ensino m\u00e9dio incompleto (71.738), fundamental completo (49.586), superior incompleto (46.734) e fundamental incompleto (16.133).<\/h3>\n<h3>No per\u00edodo, apenas os classificados com analfabetos foram mais demitidos do que contratados, com 24.594 contrata\u00e7\u00f5es e 26.761 demiss\u00f5es.<\/h3>\n<p><span style=\"color: #0000ff;\">AF<\/span><\/p>\n","protected":false},"excerpt":{"rendered":"<p>Ap\u00f3s a pandemia do novo coronav\u00edrus atingir significativamente o mercado de trabalho brasileiro em 2020, a retomada das contrata\u00e7\u00f5es formais \u00e9 guiada pelos mais jovens. Dos 957.889 postos com carteira assinada criados entre janeiro e abril, 70,75% (677.732) foram ocupados por profissionais com menos de 30 anos. De acordo com dados do Caged (Cadastro Geral [&hellip;]<\/p>\n","protected":false},"author":2,"featured_media":0,"comment_status":"open","ping_status":"open","sticky":false,"template":"","format":"standard","meta":{"_links_to":"","_links_to_target":""},"categories":[1],"tags":[],"_links":{"self":[{"href":"https:\/\/www.blogdotarugao.com.br\/v1\/wp-json\/wp\/v2\/posts\/140118"}],"collection":[{"href":"https:\/\/www.blogdotarugao.com.br\/v1\/wp-json\/wp\/v2\/posts"}],"about":[{"href":"https:\/\/www.blogdotarugao.com.br\/v1\/wp-json\/wp\/v2\/types\/post"}],"author":[{"embeddable":true,"href":"https:\/\/www.blogdotarugao.com.br\/v1\/wp-json\/wp\/v2\/users\/2"}],"replies":[{"embeddable":true,"href":"https:\/\/www.blogdotarugao.com.br\/v1\/wp-json\/wp\/v2\/comments?post=140118"}],"version-history":[{"count":1,"href":"https:\/\/www.blogdotarugao.com.br\/v1\/wp-json\/wp\/v2\/posts\/140118\/revisions"}],"predecessor-version":[{"id":140119,"href":"https:\/\/www.blogdotarugao.com.br\/v1\/wp-json\/wp\/v2\/posts\/140118\/revisions\/140119"}],"wp:attachment":[{"href":"https:\/\/www.blogdotarugao.com.br\/v1\/wp-json\/wp\/v2\/media?parent=140118"}],"wp:term":[{"taxonomy":"category","embeddable":true,"href":"https:\/\/www.blogdotarugao.com.br\/v1\/wp-json\/wp\/v2\/categories?post=140118"},{"taxonomy":"post_tag","embeddable":true,"href":"https:\/\/www.blogdotarugao.com.br\/v1\/wp-json\/wp\/v2\/tags?post=140118"}],"curies":[{"name":"wp","href":"https:\/\/api.w.org\/{rel}","templated":true}]}}