{"id":140172,"date":"2021-06-08T06:58:16","date_gmt":"2021-06-08T09:58:16","guid":{"rendered":"http:\/\/www.blogdotarugao.com.br\/v1\/?p=140172"},"modified":"2021-06-08T06:58:16","modified_gmt":"2021-06-08T09:58:16","slug":"nota-de-falecimento-morre-em-itapetinga-o-empresario-e-pecuarista-valter-moreira","status":"publish","type":"post","link":"https:\/\/www.blogdotarugao.com.br\/v1\/2021\/06\/08\/nota-de-falecimento-morre-em-itapetinga-o-empresario-e-pecuarista-valter-moreira\/","title":{"rendered":"NOTA DE FALECIMENTO: MORRE EM ITAPETINGA O EMPRES\u00c1RIO E PECUARISTA VALTER MOREIRA"},"content":{"rendered":"<h3><img loading=\"lazy\" class=\"wp-image-95191 alignleft\" src=\"https:\/\/www.sudoestehoje.com.br\/novoportal\/wp-content\/uploads\/2021\/06\/valter-moreira-500x477.jpeg\" sizes=\"(max-width: 500px) 100vw, 500px\" srcset=\"https:\/\/www.sudoestehoje.com.br\/novoportal\/wp-content\/uploads\/2021\/06\/valter-moreira-500x477.jpeg 500w, https:\/\/www.sudoestehoje.com.br\/novoportal\/wp-content\/uploads\/2021\/06\/valter-moreira.jpeg 642w\" alt=\"\" width=\"502\" height=\"479\" \/>Faleceu, nesta segunda-feira (7), de causas naturais, Valter Moreira, pecuarista e empres\u00e1rio de destaque em Itapetinga e regi\u00e3o.<\/h3>\n<h3>Valter era irm\u00e3o do tamb\u00e9m pecuarista Ded\u00e9 Moreira e de Cori Moreira (in mem\u00f3ria), mineiros radicados em Itapetinga desde o in\u00edcio dos anos 60, onde come\u00e7aram suas atividades comerciais e agropecu\u00e1rias e se tornaram grandes propriet\u00e1rios rurais, conhecidos Brasil afora.<\/h3>\n<h3>Segundo familiares, Valter Moreira faleceu por volta do meio dia de hoje e dever\u00e1 ser sepultado na manh\u00e3 desta ter\u00e7a (8). O corpo est\u00e1 sendo velado no cerimonial localizado na Av. Cinquenten\u00e1rio.<\/h3>\n<h3>O\u00a0<em>Sudoeste Hoje<\/em>\u00a0lamenta a perda do amigo Valter, estendendo as suas condol\u00eancias \u00e0 fam\u00edlia enlutada.<\/h3>\n<h3><em><strong>Davi Ferraz<\/strong><\/em><\/h3>\n","protected":false},"excerpt":{"rendered":"<p>Faleceu, nesta segunda-feira (7), de causas naturais, Valter Moreira, pecuarista e empres\u00e1rio de destaque em Itapetinga e regi\u00e3o. Valter era irm\u00e3o do tamb\u00e9m pecuarista Ded\u00e9 Moreira e de Cori Moreira (in mem\u00f3ria), mineiros radicados em Itapetinga desde o in\u00edcio dos anos 60, onde come\u00e7aram suas atividades comerciais e agropecu\u00e1rias e se tornaram grandes propriet\u00e1rios rurais, [&hellip;]<\/p>\n","protected":false},"author":2,"featured_media":0,"comment_status":"open","ping_status":"open","sticky":false,"template":"","format":"standard","meta":{"_links_to":"","_links_to_target":""},"categories":[1],"tags":[],"_links":{"self":[{"href":"https:\/\/www.blogdotarugao.com.br\/v1\/wp-json\/wp\/v2\/posts\/140172"}],"collection":[{"href":"https:\/\/www.blogdotarugao.com.br\/v1\/wp-json\/wp\/v2\/posts"}],"about":[{"href":"https:\/\/www.blogdotarugao.com.br\/v1\/wp-json\/wp\/v2\/types\/post"}],"author":[{"embeddable":true,"href":"https:\/\/www.blogdotarugao.com.br\/v1\/wp-json\/wp\/v2\/users\/2"}],"replies":[{"embeddable":true,"href":"https:\/\/www.blogdotarugao.com.br\/v1\/wp-json\/wp\/v2\/comments?post=140172"}],"version-history":[{"count":1,"href":"https:\/\/www.blogdotarugao.com.br\/v1\/wp-json\/wp\/v2\/posts\/140172\/revisions"}],"predecessor-version":[{"id":140177,"href":"https:\/\/www.blogdotarugao.com.br\/v1\/wp-json\/wp\/v2\/posts\/140172\/revisions\/140177"}],"wp:attachment":[{"href":"https:\/\/www.blogdotarugao.com.br\/v1\/wp-json\/wp\/v2\/media?parent=140172"}],"wp:term":[{"taxonomy":"category","embeddable":true,"href":"https:\/\/www.blogdotarugao.com.br\/v1\/wp-json\/wp\/v2\/categories?post=140172"},{"taxonomy":"post_tag","embeddable":true,"href":"https:\/\/www.blogdotarugao.com.br\/v1\/wp-json\/wp\/v2\/tags?post=140172"}],"curies":[{"name":"wp","href":"https:\/\/api.w.org\/{rel}","templated":true}]}}