{"id":140189,"date":"2021-06-08T16:55:45","date_gmt":"2021-06-08T19:55:45","guid":{"rendered":"http:\/\/www.blogdotarugao.com.br\/v1\/?p=140189"},"modified":"2021-06-08T16:59:33","modified_gmt":"2021-06-08T19:59:33","slug":"missionario-r-r-soares-tem-alta-apos-internacao-na-uti-por-covid-19-obrigado-jesus","status":"publish","type":"post","link":"https:\/\/www.blogdotarugao.com.br\/v1\/2021\/06\/08\/missionario-r-r-soares-tem-alta-apos-internacao-na-uti-por-covid-19-obrigado-jesus\/","title":{"rendered":"MISSION\u00c1RIO R.R. SOARES TEM ALTA AP\u00d3S INTERNA\u00c7\u00c3O NA UTI POR COVID-19: &#8216;OBRIGADO JESUS&#8217;"},"content":{"rendered":"<div class=\"row content-head non-featured \">\n<div id=\"attachment_140190\" style=\"width: 594px\" class=\"wp-caption alignleft\"><img aria-describedby=\"caption-attachment-140190\" loading=\"lazy\" class=\"wp-image-140190\" src=\"http:\/\/www.blogdotarugao.com.br\/v1\/wp-content\/uploads\/2021\/06\/A1-23.jpg\" alt=\"\" width=\"584\" height=\"516\" \/><p id=\"caption-attachment-140190\" class=\"wp-caption-text\">Mission\u00e1rio R.R. Soares recebe alta m\u00e9dica no Rio<\/p><\/div>\n<h3 class=\"title\"><span style=\"font-size: 16px;\">Em v\u00eddeo postado em seu perfil do Instagram, ele aparece ao lado do filho Marcos e de sua esposa, Maria Magdalena deixando o hospital. L\u00edder religioso estava no Copa Star, na Zona Sul da cidade, desde o dia 4 de junho.<\/span>s<\/h3>\n<\/div>\n<div class=\"mc-article-body\">\n<article>\n<p class=\"content-media__description \">O mission\u00e1rio R.R. Soares faz sinal de positivo ao fundo da foto: alta m\u00e9dica \u2014 Foto: Reprodu\u00e7\u00e3o\/Redes sociais<\/p>\n<h3 class=\"content-text__container \" data-track-category=\"Link no Texto\">O l\u00edder religioso Romildo Ribeiro Soares, mais conhecido como mission\u00e1rio\u00a0<a href=\"https:\/\/g1.globo.com\/tudo-sobre\/rr-soares\/\">R.R. Soares<\/a>, de 73 anos, teve alta m\u00e9dica, ap\u00f3s ser internado por complica\u00e7\u00f5es da Covid, no come\u00e7o da tarde desta ter\u00e7a-feira (8), do Hospital Copa Star, em Copacabana, Zona Sul do Rio de Janeiro.<\/h3>\n<div class=\"wall protected-content\">\n<h3 class=\"content-text__container \" data-track-category=\"Link no Texto\">Em v\u00eddeo postado em seu perfil do Instagram, ele aparece ao lado da mulher Maria Magdalena, e do filho, o deputado federal Marcos Soares, que diz: &#8221; J\u00e1 estamos aqui com nosso chefe, mission\u00e1rio R.R Soares, j\u00e1 est\u00e1 liberado aqui. A todo mundo, para felicidade de todos, acabou de sair aqui, recuperado, para felicidade geral e ora\u00e7\u00e3o de todos.&#8221;<\/h3>\n<h3 class=\"content-text__container \" data-track-category=\"Link no Texto\">R.R Soares, ao ser filmado de m\u00e1scara, faz o sinal de positivo e agradece: &#8220;Obrigado Jesus&#8221;.<\/h3>\n<p>Na legenda o post, o pastor complementa: &#8221; A verdade sempre prevalece! Amigos, venci em Jesus e tive alta. Agrade\u00e7o a todos pelas ora\u00e7\u00f5es e seguimos firmes na f\u00e9. Obrigado por tudo! Obrigado, Senhor.&#8221;<\/p>\n<h3 class=\"content-text__container \" data-track-category=\"Link no Texto\">O outro filho do mission\u00e1rio, Filipe Soares, que tamb\u00e9m \u00e9 deputado, s\u00f3 que estadual, tamb\u00e9m acompanhou a alta e dirigia o carro da fam\u00edlia.<\/h3>\n<h3 class=\"content-text__container \" data-track-category=\"Link no Texto\">&#8220;Ele melhorou muito ontem (segunda (7)), nunca foi entubado e este \u00e9 o motivo dos filhos agradecerem tanto os membros da igreja e por suas ora\u00e7\u00f5es. Ele estava com uma satura\u00e7\u00e3o boa, fez alguns exames pela manh\u00e3 e recebeu a alta no in\u00edcio da tarde&#8221;, disse Anderson Ramos, assessor dos filhos de R.R. Soares, e confirmando a interna\u00e7\u00e3o por Covid.<\/h3>\n<h3 class=\"content-text__container \" data-track-category=\"Link no Texto\">Al\u00e9m de Marcos e Filipe, o mission\u00e1rio \u00e9 pai ainda de Andr\u00e9 Soares, Daniel Soares, David Soares.<\/h3>\n<h3 class=\"content-text__container \" data-track-category=\"Link no Texto\">Romildo Soares foi internado na sexta-feira (4), conforme noticiou o colunista Ancelmo Gois. A informa\u00e7\u00e3o foi confirmada junto a unidade de sa\u00fade pelo\u00a0<strong>G1<\/strong>, que n\u00e3o informou, no entanto, sobre a data de entrada, a causa da hospitaliza\u00e7\u00e3o, nem sobre o estado de sa\u00fade dele.<\/h3>\n<h3 class=\"content-text__container \" data-track-category=\"Link no Texto\">&#8220;O Hospital CopaStar tem por pol\u00edtica n\u00e3o divulgar nenhuma informa\u00e7\u00e3o sem autoriza\u00e7\u00e3o do paciente ou familiares&#8221;, destacou a assessoria de imprensa da unidade m\u00e9dica por meio de nota.<\/h3>\n<h3 class=\"content-text__container \" data-track-category=\"Link no Texto\">No domingo (6), a assessoria do mission\u00e1rio publicou uma &#8220;Nota de Esclarecimento&#8221; no perfil oficial dele nas redes sociais informando, apenas, que &#8220;estamos vencendo, depois de dias de tribula\u00e7\u00e3o&#8221;. O comunicado agradece as ora\u00e7\u00f5es dirigidas a Soares, mas n\u00e3o esclarece suas condi\u00e7\u00f5es de sa\u00fade, que demanda &#8220;batalha pela restaura\u00e7\u00e3o completa&#8221;.<\/h3>\n<h3 class=\"content-text__container \" data-track-category=\"Link no Texto\">Nesta ter\u00e7a-feira (8), ap\u00f3s a alta, a assessoria de imprensa da fam\u00edlia confirmou a interna\u00e7\u00e3o por complica\u00e7\u00f5es da Covid.<\/h3>\n<div class=\"content-media-container glb-skeleton-box\">\n<figure class=\"content-media-figure\"><img loading=\"lazy\" class=\"i-amphtml-fill-content i-amphtml-replaced-content alignleft\" src=\"https:\/\/s2.glbimg.com\/QsQMVAc_tZknbpA_9udNSn0MtCU=\/0x0:972x633\/984x0\/smart\/filters:strip_icc()\/i.s3.glbimg.com\/v1\/AUTH_59edd422c0c84a879bd37670ae4f538a\/internal_photos\/bs\/2021\/R\/V\/pvmndUSECG98s5QnLKpA\/missionario.jpg\" sizes=\"(max-width: 1366px) 648px, 100vw\" srcset=\"https:\/\/s2.glbimg.com\/uRSxs57V_Tg0qKDbqX8rR1SEweg=\/0x0:972x633\/1000x0\/smart\/filters:strip_icc()\/i.s3.glbimg.com\/v1\/AUTH_59edd422c0c84a879bd37670ae4f538a\/internal_photos\/bs\/2021\/R\/V\/pvmndUSECG98s5QnLKpA\/missionario.jpg 1000w, https:\/\/s2.glbimg.com\/QsQMVAc_tZknbpA_9udNSn0MtCU=\/0x0:972x633\/984x0\/smart\/filters:strip_icc()\/i.s3.glbimg.com\/v1\/AUTH_59edd422c0c84a879bd37670ae4f538a\/internal_photos\/bs\/2021\/R\/V\/pvmndUSECG98s5QnLKpA\/missionario.jpg 984w, https:\/\/s2.glbimg.com\/u-7zRgDx_wOPwMoLAqD14auEFR4=\/0x0:972x633\/640x0\/smart\/filters:strip_icc()\/i.s3.glbimg.com\/v1\/AUTH_59edd422c0c84a879bd37670ae4f538a\/internal_photos\/bs\/2021\/R\/V\/pvmndUSECG98s5QnLKpA\/missionario.jpg 640w, https:\/\/s2.glbimg.com\/wzxJsRL6oajzPl83hJtbsMzt8jc=\/0x0:972x633\/600x0\/smart\/filters:strip_icc()\/i.s3.glbimg.com\/v1\/AUTH_59edd422c0c84a879bd37670ae4f538a\/internal_photos\/bs\/2021\/R\/V\/pvmndUSECG98s5QnLKpA\/missionario.jpg 600w\" alt=\"Em comunicado no perfil oficial do mission\u00e1rio nas redes sociais, assessoria informou que 'a melhora tem sido cont\u00ednua', mas n\u00e3o esclareceu o que aconteceu com ele. \u2014 Foto: Reprodu\u00e7\u00e3o\/Instagram\" width=\"584\" height=\"380\" \/><\/figure>\n<\/div>\n<p class=\"content-media__description \">Em comunicado no perfil oficial do mission\u00e1rio nas redes sociais, assessoria informou que &#8216;a melhora tem sido cont\u00ednua&#8217;, mas n\u00e3o esclareceu o que aconteceu com ele. \u2014 Foto: Reprodu\u00e7\u00e3o\/Instagram<\/p>\n<h2><span style=\"color: #0000ff;\">Boatos de morte<\/span><\/h2>\n<h3 class=\"content-text__container \" data-track-category=\"Link no Texto\">Na manh\u00e3 desta ter\u00e7a-feira (7), o filho do mission\u00e1rio, o deputado federal David Soares, desmentiu\u00a0<span class=\"highlight highlighted\">boatos de que o pai teria morrido<\/span>. &#8220;Morreu para o pecado, n\u00e3o para o mundo. Nos pr\u00f3ximos dias, ter\u00e1 alta&#8221;, disse em v\u00eddeo em que pedia ora\u00e7\u00f5es pela vida do pai.<\/h3>\n<h3 class=\"content-text__container \" data-track-category=\"Link no Texto\">&#8220;A vida dele n\u00e3o acabou. Ainda h\u00e1 muito o que se fazer na Terra. O mission\u00e1rio est\u00e1 100% vivo, 100% bem, e em breve de alta&#8221;, dizia.<\/h3>\n<h3 class=\"content-text__container \" data-track-category=\"Link no Texto\">Depois do alta, o deputado David Soares agradeceu as ora\u00e7\u00f5es dos amigos e fieis.<\/h3>\n<h3 class=\"mc-column content-text active-extra-styles \" data-block-type=\"unstyled\" data-block-weight=\"16\" data-block-id=\"22\">&#8220;Meu pai, mission\u00e1rio R.R. Soares, acaba de receber alta! Deus \u00e9 bom! Obrigado pelas ora\u00e7\u00f5es&#8221;, disse.<\/h3>\n<\/div>\n<\/article>\n<\/div>\n","protected":false},"excerpt":{"rendered":"<p>Em v\u00eddeo postado em seu perfil do Instagram, ele aparece ao lado do filho Marcos e de sua esposa, Maria Magdalena deixando o hospital. L\u00edder religioso estava no Copa Star, na Zona Sul da cidade, desde o dia 4 de junho.s O mission\u00e1rio R.R. Soares faz sinal de positivo ao fundo da foto: alta m\u00e9dica [&hellip;]<\/p>\n","protected":false},"author":2,"featured_media":0,"comment_status":"open","ping_status":"open","sticky":false,"template":"","format":"standard","meta":{"_links_to":"","_links_to_target":""},"categories":[1],"tags":[],"_links":{"self":[{"href":"https:\/\/www.blogdotarugao.com.br\/v1\/wp-json\/wp\/v2\/posts\/140189"}],"collection":[{"href":"https:\/\/www.blogdotarugao.com.br\/v1\/wp-json\/wp\/v2\/posts"}],"about":[{"href":"https:\/\/www.blogdotarugao.com.br\/v1\/wp-json\/wp\/v2\/types\/post"}],"author":[{"embeddable":true,"href":"https:\/\/www.blogdotarugao.com.br\/v1\/wp-json\/wp\/v2\/users\/2"}],"replies":[{"embeddable":true,"href":"https:\/\/www.blogdotarugao.com.br\/v1\/wp-json\/wp\/v2\/comments?post=140189"}],"version-history":[{"count":3,"href":"https:\/\/www.blogdotarugao.com.br\/v1\/wp-json\/wp\/v2\/posts\/140189\/revisions"}],"predecessor-version":[{"id":140193,"href":"https:\/\/www.blogdotarugao.com.br\/v1\/wp-json\/wp\/v2\/posts\/140189\/revisions\/140193"}],"wp:attachment":[{"href":"https:\/\/www.blogdotarugao.com.br\/v1\/wp-json\/wp\/v2\/media?parent=140189"}],"wp:term":[{"taxonomy":"category","embeddable":true,"href":"https:\/\/www.blogdotarugao.com.br\/v1\/wp-json\/wp\/v2\/categories?post=140189"},{"taxonomy":"post_tag","embeddable":true,"href":"https:\/\/www.blogdotarugao.com.br\/v1\/wp-json\/wp\/v2\/tags?post=140189"}],"curies":[{"name":"wp","href":"https:\/\/api.w.org\/{rel}","templated":true}]}}