{"id":14020,"date":"2014-08-02T09:30:22","date_gmt":"2014-08-02T12:30:22","guid":{"rendered":"http:\/\/www.blogdotarugao.com.br\/v1\/?p=14020"},"modified":"2014-08-02T09:32:56","modified_gmt":"2014-08-02T12:32:56","slug":"assista-jovem-preso-por-furto-diz-que-esta-incorporado-com-preto-velho","status":"publish","type":"post","link":"https:\/\/www.blogdotarugao.com.br\/v1\/2014\/08\/02\/assista-jovem-preso-por-furto-diz-que-esta-incorporado-com-preto-velho\/","title":{"rendered":"Assista: jovem preso por furto diz que est\u00e1 incorporado com \u201cPreto Velho\u201d"},"content":{"rendered":"<p><a href=\"http:\/\/www.blogdotarugao.com.br\/v1\/wp-content\/uploads\/2014\/08\/Preto_velho.jpg\" class=\"gallery_colorbox\"><img loading=\"lazy\" class=\"aligncenter size-full wp-image-14022\" alt=\"Preto_velho\" src=\"http:\/\/www.blogdotarugao.com.br\/v1\/wp-content\/uploads\/2014\/08\/Preto_velho.jpg\"  width=\"435\" height=\"333\" srcset=\"https:\/\/www.blogdotarugao.com.br\/v1\/wp-content\/uploads\/2014\/08\/Preto_velho.jpg 435w, https:\/\/www.blogdotarugao.com.br\/v1\/wp-content\/uploads\/2014\/08\/Preto_velho-300x229.jpg 300w\" sizes=\"(max-width: 435px) 100vw, 435px\" \/><\/a><\/p>\n<p>Um jovem identificado como Paulo Fernando de Souza, foi preso no bairro de George Am\u00e9rico em Feira de Santana, por policiais militares da Base Comunit\u00e1ria da regi\u00e3o, ap\u00f3s ser acusado de furtar um mercado nesta quarta-feira (30). De acordo com informa\u00e7\u00f5es do site Boca de Zero Nove, ele foi alcan\u00e7ado por populares que chamaram os policiais para realizar a pris\u00e3o.<\/p>\n<p>Ao descer da viatura o jovem come\u00e7ou a falar em terceira pessoa e com um tom de voz supostamente de outra pessoa. Paulo disse estar incorporado pela entidade \u201cPreto Velho\u201d cultuado nas religi\u00f5es afro-brasileiras. O acusado foi acalmado por policiais, que pareceram ter colocado a entidade para correr.<br \/>\n<iframe loading=\"lazy\" src=\"http:\/\/www.youtube.com\/embed\/nP6rmHmSzz4?rel=0\" height=\"315\" width=\"560\" allowfullscreen=\"\" frameborder=\"0\"><\/iframe><\/p>\n","protected":false},"excerpt":{"rendered":"<p>Um jovem identificado como Paulo Fernando de Souza, foi preso no bairro de George Am\u00e9rico em Feira de Santana, por policiais militares da Base Comunit\u00e1ria da regi\u00e3o, ap\u00f3s ser acusado de furtar um mercado nesta quarta-feira (30). De acordo com informa\u00e7\u00f5es do site Boca de Zero Nove, ele foi alcan\u00e7ado por populares que chamaram os [&hellip;]<\/p>\n","protected":false},"author":2,"featured_media":0,"comment_status":"open","ping_status":"open","sticky":false,"template":"","format":"standard","meta":{"_links_to":"","_links_to_target":""},"categories":[14,1,7,31],"tags":[],"_links":{"self":[{"href":"https:\/\/www.blogdotarugao.com.br\/v1\/wp-json\/wp\/v2\/posts\/14020"}],"collection":[{"href":"https:\/\/www.blogdotarugao.com.br\/v1\/wp-json\/wp\/v2\/posts"}],"about":[{"href":"https:\/\/www.blogdotarugao.com.br\/v1\/wp-json\/wp\/v2\/types\/post"}],"author":[{"embeddable":true,"href":"https:\/\/www.blogdotarugao.com.br\/v1\/wp-json\/wp\/v2\/users\/2"}],"replies":[{"embeddable":true,"href":"https:\/\/www.blogdotarugao.com.br\/v1\/wp-json\/wp\/v2\/comments?post=14020"}],"version-history":[{"count":3,"href":"https:\/\/www.blogdotarugao.com.br\/v1\/wp-json\/wp\/v2\/posts\/14020\/revisions"}],"predecessor-version":[{"id":14024,"href":"https:\/\/www.blogdotarugao.com.br\/v1\/wp-json\/wp\/v2\/posts\/14020\/revisions\/14024"}],"wp:attachment":[{"href":"https:\/\/www.blogdotarugao.com.br\/v1\/wp-json\/wp\/v2\/media?parent=14020"}],"wp:term":[{"taxonomy":"category","embeddable":true,"href":"https:\/\/www.blogdotarugao.com.br\/v1\/wp-json\/wp\/v2\/categories?post=14020"},{"taxonomy":"post_tag","embeddable":true,"href":"https:\/\/www.blogdotarugao.com.br\/v1\/wp-json\/wp\/v2\/tags?post=14020"}],"curies":[{"name":"wp","href":"https:\/\/api.w.org\/{rel}","templated":true}]}}