{"id":140287,"date":"2021-06-10T20:00:50","date_gmt":"2021-06-10T23:00:50","guid":{"rendered":"http:\/\/www.blogdotarugao.com.br\/v1\/?p=140287"},"modified":"2021-06-10T20:00:50","modified_gmt":"2021-06-10T23:00:50","slug":"stf-forma-maioria-para-realizacao-da-copa-america-no-brasil","status":"publish","type":"post","link":"https:\/\/www.blogdotarugao.com.br\/v1\/2021\/06\/10\/stf-forma-maioria-para-realizacao-da-copa-america-no-brasil\/","title":{"rendered":"STF FORMA MAIORIA PARA REALIZA\u00c7\u00c3O DA COPA AM\u00c9RICA NO BRASIL"},"content":{"rendered":"<div class=\"mb-5 mb-lg-6\">\n<header class=\"toolkit-heading\">\n<div class=\"heading-title\">\n<h3 class=\"toolkit-subtitle mt-5\"><img loading=\"lazy\" class=\"wp-image-140288 alignleft\" src=\"http:\/\/www.blogdotarugao.com.br\/v1\/wp-content\/uploads\/2021\/06\/A1-33.jpg\" alt=\"\" width=\"585\" height=\"319\" \/>At\u00e9 o momento, dez ministros rejeitaram uma a\u00e7\u00e3o que pedia a suspens\u00e3o do torneio no pa\u00eds, que come\u00e7a no pr\u00f3ximo domingo.<\/h3>\n<\/div>\n<\/header>\n<\/div>\n<article class=\"toolkit-media-content\" data-dp6-item=\"articleContainer\" data-url=\"http:\/\/noticias.r7.com\/prisma\/r7-planalto\/stf-forma-maioria-para-realizacao-da-copa-america-no-brasil-10062021\" data-changing-text-area=\"\" data-content=\"article\">\n<h3>O STF (Supremo Tribunal Federal) formou maioria nesta quinta-feira (10) pela\u00a0<a href=\"https:\/\/noticias.r7.com\/brasil\/stf-decide-hoje-sobre-realizacao-da-copa-america-no-brasil-10062021\" target=\"_blank\" rel=\"noopener noreferrer\"><strong>realiza\u00e7\u00e3o da Copa Am\u00e9rica no Brasil.<\/strong><\/a><\/h3>\n<h3>At\u00e9 o momento, dez ministros rejeitaram a\u00e7\u00e3o que pedia a suspens\u00e3o do torneio no pa\u00eds. S\u00e3o eles: Marco Aur\u00e9lio, C\u00e1rmen L\u00facia, Ricardo Lewandowski, Edson Fachin, Gilmar Mendes, Dias Toffoli, Rosa Weber, Luiz Fux, Alexandre de Moraes e Lu\u00eds Roberto Barroso.<\/h3>\n<h3>A vota\u00e7\u00e3o ocorre em sess\u00e3o virtual extraordin\u00e1ria e os ministros ter\u00e3o 24 horas, at\u00e9 as 23h59, para postarem seus votos.<\/h3>\n<h3>O pedido da sess\u00e3o foi feito pela ministra C\u00e1rmen L\u00facia, relatora de processos movidos por partido e uma institui\u00e7\u00e3o contr\u00e1rios \u00e0 realiza\u00e7\u00e3o do evento em meio \u00e0 pandemia de covid-19.<\/h3>\n<h3>A realiza\u00e7\u00e3o da Copa Am\u00e9rica no pa\u00eds \u00e9 alvo de tr\u00eas a\u00e7\u00f5es no STF. Uma delas \u00e9 do PSB, que defende que o campeonato viola os direitos fundamentais \u00e0 vida e \u00e0 sa\u00fade; outra, ingressada pela Confedera\u00e7\u00e3o Nacional dos Trabalhadores Metal\u00fargicos, que aponta o risco de aumento de casos e mortes por covid-19. As peti\u00e7\u00f5es foram rejeitadas pela maioria dos ministros do STF.<\/h3>\n<h3 class=\"content\">Plano anticovid<\/h3>\n<h3>J\u00e1 a terceira a\u00e7\u00e3o, feita pelo PT, o relator \u00e9 o ministro Ricardo Lewandowski. A legenda diz que o campeonato viola o direito \u00e0 sa\u00fade. Lewandowski foi o primeiro a se manifestar sobre a realiza\u00e7\u00e3o da Copa Am\u00e9rica no Brasil e atendeu parcialmente a um recurso do partido sobre o torneio. Ele se mostrou favor\u00e1vel \u00e0 competi\u00e7\u00e3o, mas cobrou um\u00a0<a href=\"https:\/\/noticias.r7.com\/brasil\/lewandowski-vota-a-favor-da-copa-america-mas-cobra-plano-anticovid-10062021\" target=\"_blank\" rel=\"noopener noreferrer\"><strong>plano, antes do in\u00edcio da competi\u00e7\u00e3o, para a realiza\u00e7\u00e3o do evento em territ\u00f3rio nacional.<\/strong><\/a><\/h3>\n<h3>Em seu parecer, Lewandowski requer que o governo federal divulgue e apresente um &#8220;plano compreensivo e circunstanciado&#8221; sobre estrat\u00e9gias e a\u00e7\u00f5es que est\u00e1 colocando em pr\u00e1tica para a realiza\u00e7\u00e3o segura da Copa Am\u00e9rica e requer aten\u00e7\u00e3o especial \u00e0s medidas para impedir o avan\u00e7o da covid-19. O ministro Edson Fachin acompanhou o magistrado sobre o plano anticovid.<\/h3>\n<h3>Nessa a\u00e7\u00e3o, o placar, at\u00e9 o momento, \u00e9 de 4 a 6, portanto, a a\u00e7\u00e3o foi invalidada, e o torneio permanece, sem o plano anticovid.<\/h3>\n<h3>O evento esportivo est\u00e1 marcado para come\u00e7ar no pr\u00f3ximo domingo (13), \u00e0s 18h, com a partida entre Brasil e Venezuela. A final do torneio est\u00e1 marcada para o dia 10 de julho.<\/h3>\n<div class=\"media_box embed video_box full-dimensionsundefined\" data-name=\"r7\"><iframe loading=\"lazy\" src=\"https:\/\/player.r7.com\/video\/i\/60c0042e1df97bf4b00009f8\" width=\"640\" height=\"360\" frameborder=\"0\" allowfullscreen=\"allowfullscreen\" data-mce-fragment=\"1\"><\/iframe><\/div>\n<div class=\"toolkit-tags\">\n<ul class=\"toolkit-tags__list\">\n<li class=\"toolkit-tags__item\"><a class=\"toolkit-tags__link\" href=\"https:\/\/busca.r7.com\/?q=stf\">STF<\/a><\/li>\n<\/ul>\n<\/div>\n<\/article>\n","protected":false},"excerpt":{"rendered":"<p>At\u00e9 o momento, dez ministros rejeitaram uma a\u00e7\u00e3o que pedia a suspens\u00e3o do torneio no pa\u00eds, que come\u00e7a no pr\u00f3ximo domingo. O STF (Supremo Tribunal Federal) formou maioria nesta quinta-feira (10) pela\u00a0realiza\u00e7\u00e3o da Copa Am\u00e9rica no Brasil. At\u00e9 o momento, dez ministros rejeitaram a\u00e7\u00e3o que pedia a suspens\u00e3o do torneio no pa\u00eds. S\u00e3o eles: Marco [&hellip;]<\/p>\n","protected":false},"author":2,"featured_media":0,"comment_status":"open","ping_status":"open","sticky":false,"template":"","format":"standard","meta":{"_links_to":"","_links_to_target":""},"categories":[1],"tags":[],"_links":{"self":[{"href":"https:\/\/www.blogdotarugao.com.br\/v1\/wp-json\/wp\/v2\/posts\/140287"}],"collection":[{"href":"https:\/\/www.blogdotarugao.com.br\/v1\/wp-json\/wp\/v2\/posts"}],"about":[{"href":"https:\/\/www.blogdotarugao.com.br\/v1\/wp-json\/wp\/v2\/types\/post"}],"author":[{"embeddable":true,"href":"https:\/\/www.blogdotarugao.com.br\/v1\/wp-json\/wp\/v2\/users\/2"}],"replies":[{"embeddable":true,"href":"https:\/\/www.blogdotarugao.com.br\/v1\/wp-json\/wp\/v2\/comments?post=140287"}],"version-history":[{"count":2,"href":"https:\/\/www.blogdotarugao.com.br\/v1\/wp-json\/wp\/v2\/posts\/140287\/revisions"}],"predecessor-version":[{"id":140290,"href":"https:\/\/www.blogdotarugao.com.br\/v1\/wp-json\/wp\/v2\/posts\/140287\/revisions\/140290"}],"wp:attachment":[{"href":"https:\/\/www.blogdotarugao.com.br\/v1\/wp-json\/wp\/v2\/media?parent=140287"}],"wp:term":[{"taxonomy":"category","embeddable":true,"href":"https:\/\/www.blogdotarugao.com.br\/v1\/wp-json\/wp\/v2\/categories?post=140287"},{"taxonomy":"post_tag","embeddable":true,"href":"https:\/\/www.blogdotarugao.com.br\/v1\/wp-json\/wp\/v2\/tags?post=140287"}],"curies":[{"name":"wp","href":"https:\/\/api.w.org\/{rel}","templated":true}]}}