{"id":140297,"date":"2021-06-11T06:44:22","date_gmt":"2021-06-11T09:44:22","guid":{"rendered":"http:\/\/www.blogdotarugao.com.br\/v1\/?p=140297"},"modified":"2021-06-11T06:44:22","modified_gmt":"2021-06-11T09:44:22","slug":"fausto-silva-e-internado-e-deixa-de-gravar-pela-1a-vez","status":"publish","type":"post","link":"https:\/\/www.blogdotarugao.com.br\/v1\/2021\/06\/11\/fausto-silva-e-internado-e-deixa-de-gravar-pela-1a-vez\/","title":{"rendered":"FAUSTO SILVA \u00c9 INTERNADO E DEIXA DE GRAVAR PELA 1\u00aa VEZ"},"content":{"rendered":"<h3><img loading=\"lazy\" class=\"wp-image-140298 alignleft\" src=\"http:\/\/www.blogdotarugao.com.br\/v1\/wp-content\/uploads\/2021\/06\/A2-9.jpg\" alt=\"\" width=\"585\" height=\"306\" \/>O apresentador Fausto Silva acordou se sentindo mal na manh\u00e3 desta quinta-feira (10) e foi internado no Hospital Israelita Albert Einstein, em S\u00e3o Paulo. As grava\u00e7\u00f5es do programa do pr\u00f3ximo domingo (13), marcadas para amanh\u00e3, foram canceladas. Pela primeira vez em mais de 32 anos de Globo, ele deixar\u00e1 de gravar o Doming\u00e3o do Faust\u00e3o por causa de um problema de sa\u00fade.<\/h3>\n<h3>No hospital, os primeiros exames mostraram que Fausto Silva est\u00e1 com infec\u00e7\u00e3o urin\u00e1ria. Ele passa bem e poderia voltar para casa ainda nesta quinta, mas, como o tratamento exige medica\u00e7\u00e3o intravenosa e pode haver altera\u00e7\u00f5es nos nos quadros de glicemia e press\u00e3o arterial, os m\u00e9dicos decidiram manter o apresentador internado at\u00e9 s\u00e1bado (12), quando ele deve ter alta.<\/h3>\n<h3>O comunicador est\u00e1 sendo acompanhado pelo cardiologista Fernando Bacal, pelo nefrologista Bento Cardoso dos Santos e por seu m\u00e9dico pessoal, Arnaldo Cevidanes. O site Not\u00edcias da TV apurou que a Globo ainda n\u00e3o definiu o que fazer com o pr\u00f3ximo Doming\u00e3o do Faust\u00e3o. As possibilidades s\u00e3o exibir uma reprise ou um mix de v\u00e1rios programas, como uma sele\u00e7\u00e3o de apresenta\u00e7\u00f5es da Super Dan\u00e7a dos Famosos.<\/h3>\n<h3>Estava previsto que Dandara Mariana, Robson Caetano e Sophia Abrah\u00e3o se apresentassem na competi\u00e7\u00e3o no domingo (13). \u00c9 a primeira vez que Fausto deixa de gravar seu programa por problemas de sa\u00fade.<\/h3>\n","protected":false},"excerpt":{"rendered":"<p>O apresentador Fausto Silva acordou se sentindo mal na manh\u00e3 desta quinta-feira (10) e foi internado no Hospital Israelita Albert Einstein, em S\u00e3o Paulo. As grava\u00e7\u00f5es do programa do pr\u00f3ximo domingo (13), marcadas para amanh\u00e3, foram canceladas. Pela primeira vez em mais de 32 anos de Globo, ele deixar\u00e1 de gravar o Doming\u00e3o do Faust\u00e3o [&hellip;]<\/p>\n","protected":false},"author":2,"featured_media":0,"comment_status":"open","ping_status":"open","sticky":false,"template":"","format":"standard","meta":{"_links_to":"","_links_to_target":""},"categories":[1],"tags":[],"_links":{"self":[{"href":"https:\/\/www.blogdotarugao.com.br\/v1\/wp-json\/wp\/v2\/posts\/140297"}],"collection":[{"href":"https:\/\/www.blogdotarugao.com.br\/v1\/wp-json\/wp\/v2\/posts"}],"about":[{"href":"https:\/\/www.blogdotarugao.com.br\/v1\/wp-json\/wp\/v2\/types\/post"}],"author":[{"embeddable":true,"href":"https:\/\/www.blogdotarugao.com.br\/v1\/wp-json\/wp\/v2\/users\/2"}],"replies":[{"embeddable":true,"href":"https:\/\/www.blogdotarugao.com.br\/v1\/wp-json\/wp\/v2\/comments?post=140297"}],"version-history":[{"count":1,"href":"https:\/\/www.blogdotarugao.com.br\/v1\/wp-json\/wp\/v2\/posts\/140297\/revisions"}],"predecessor-version":[{"id":140299,"href":"https:\/\/www.blogdotarugao.com.br\/v1\/wp-json\/wp\/v2\/posts\/140297\/revisions\/140299"}],"wp:attachment":[{"href":"https:\/\/www.blogdotarugao.com.br\/v1\/wp-json\/wp\/v2\/media?parent=140297"}],"wp:term":[{"taxonomy":"category","embeddable":true,"href":"https:\/\/www.blogdotarugao.com.br\/v1\/wp-json\/wp\/v2\/categories?post=140297"},{"taxonomy":"post_tag","embeddable":true,"href":"https:\/\/www.blogdotarugao.com.br\/v1\/wp-json\/wp\/v2\/tags?post=140297"}],"curies":[{"name":"wp","href":"https:\/\/api.w.org\/{rel}","templated":true}]}}