{"id":140308,"date":"2021-06-11T19:29:40","date_gmt":"2021-06-11T22:29:40","guid":{"rendered":"http:\/\/www.blogdotarugao.com.br\/v1\/?p=140308"},"modified":"2021-06-11T19:29:40","modified_gmt":"2021-06-11T22:29:40","slug":"anvisa-pode-ampliar-prazo-de-validade-da-vacina-da-johnson-de-03-para-04-meses-e-meio-dia-27-de-junho-o-brasil-recebe-3-milhoes-de-doses","status":"publish","type":"post","link":"https:\/\/www.blogdotarugao.com.br\/v1\/2021\/06\/11\/anvisa-pode-ampliar-prazo-de-validade-da-vacina-da-johnson-de-03-para-04-meses-e-meio-dia-27-de-junho-o-brasil-recebe-3-milhoes-de-doses\/","title":{"rendered":"ANVISA PODE AMPLIAR PRAZO DE VALIDADE DA VACINA DA JOHNSON DE 03 PARA 04 MESES E MEIO. DIA 27 DE JUNHO O BRASIL RECEBE 3 MILH\u00d5ES DE DOSES"},"content":{"rendered":"<div class=\"mb-5 mb-lg-6\">\n<header class=\"toolkit-heading\">\n<div class=\"heading-title\">\n<h3 class=\"toolkit-subtitle mt-5\"><img loading=\"lazy\" class=\"toolkit-image-container__image croppable alignleft\" style=\"font-size: 16px;\" title=\"Pa\u00eds receber\u00e1 3 milh\u00f5es de doses da vacina com prazo de validade at\u00e9 27 de junho\" src=\"https:\/\/img.r7.com\/images\/afp-vacina-johnson-johnson-janssen-1500-30042021092145575?dimensions=677x369\" alt=\"Pa\u00eds receber\u00e1 3 milh\u00f5es de doses da vacina com prazo de validade at\u00e9 27 de junho\" width=\"585\" height=\"319\" \/>Pa\u00eds receber\u00e1 3 milh\u00f5es de doses com prazo at\u00e9 27 de junho, e empresa quer ampliar de 3 meses para 4 meses e meio<\/h3>\n<\/div>\n<\/header>\n<\/div>\n<article class=\"toolkit-media-content\" data-dp6-item=\"articleContainer\" data-url=\"http:\/\/noticias.r7.com\/saude\/anvisa-pode-ampliar-prazo-de-validade-da-vacina-da-johnson-11062021\" data-changing-text-area=\"\" data-content=\"article\">\n<h3>A\u00a0<a href=\"https:\/\/noticias.r7.com\/brasil\/governo-recebera-3-milhoes-de-doses-da-janssen-validas-ate-dia-27-08062021\"><strong>Anvisa (Ag\u00eancia Nacional de Vigil\u00e2ncia Sanit\u00e1ria)<\/strong><\/a>\u00a0se reuniu na tarde desta sexta-feira (11) com a farmac\u00eautica Janssen, da Johnson &amp; Johnson, para discutir o pedido de extens\u00e3o do prazo de validade da vacina contra a covid-19 que ser\u00e1 disponibilizada para o Brasil.<\/h3>\n<h3>Atualmente, o prazo de validade aprovado pela Anvisa \u00e9 de tr\u00eas meses. A proposta da empresa \u00e9 ampliar para quatro meses e meio. A ag\u00eancia reguladora dos Estados Unidos aprovou essa extens\u00e3o na quinta-feira (10).<\/h3>\n<h3>O Minist\u00e9rio da Sa\u00fade vai receber 3 milh\u00f5es de doses da vacina da Janssen com prazo de validade at\u00e9 27 de junho e ter\u00e1 poucos dias para distribuir e aplicar todas as doses.<\/h3>\n<h3>A vacina \u00e9 fabricada pela Janssen, que \u00e9 o bra\u00e7o farmac\u00eautico da companhia Johnson &amp; Johnson, e \u00e9 ministrada em dose \u00fanica, diferentemente das outras vacinas aplicadas no Brasil atualmente.<\/h3>\n<h3>Na reuni\u00e3o desta sexta, a equipe da ger\u00eancia-geral de medicamentos da Anvisa esclareceu d\u00favidas e se comprometeu a finalizar a an\u00e1lise das informa\u00e7\u00f5es apresentadas pela Janssen o mais breve poss\u00edvel.<\/h3>\n<h3>Por se tratar de uma vacina com autoriza\u00e7\u00e3o para uso emergencial no Brasil, a decis\u00e3o quanto ao pedido da farmac\u00eautica caber\u00e1 \u00e0 Diretoria Colegiada da Anvisa, que dever\u00e1 se reunir j\u00e1 na pr\u00f3xima semana.<\/h3>\n<h3>A vacina contra a covid-19 da Janssen foi aprovada para uso emergencial no Brasil no dia 31 de mar\u00e7o.<\/h3>\n<\/article>\n","protected":false},"excerpt":{"rendered":"<p>Pa\u00eds receber\u00e1 3 milh\u00f5es de doses com prazo at\u00e9 27 de junho, e empresa quer ampliar de 3 meses para 4 meses e meio A\u00a0Anvisa (Ag\u00eancia Nacional de Vigil\u00e2ncia Sanit\u00e1ria)\u00a0se reuniu na tarde desta sexta-feira (11) com a farmac\u00eautica Janssen, da Johnson &amp; Johnson, para discutir o pedido de extens\u00e3o do prazo de validade da [&hellip;]<\/p>\n","protected":false},"author":2,"featured_media":0,"comment_status":"open","ping_status":"open","sticky":false,"template":"","format":"standard","meta":{"_links_to":"","_links_to_target":""},"categories":[1],"tags":[],"_links":{"self":[{"href":"https:\/\/www.blogdotarugao.com.br\/v1\/wp-json\/wp\/v2\/posts\/140308"}],"collection":[{"href":"https:\/\/www.blogdotarugao.com.br\/v1\/wp-json\/wp\/v2\/posts"}],"about":[{"href":"https:\/\/www.blogdotarugao.com.br\/v1\/wp-json\/wp\/v2\/types\/post"}],"author":[{"embeddable":true,"href":"https:\/\/www.blogdotarugao.com.br\/v1\/wp-json\/wp\/v2\/users\/2"}],"replies":[{"embeddable":true,"href":"https:\/\/www.blogdotarugao.com.br\/v1\/wp-json\/wp\/v2\/comments?post=140308"}],"version-history":[{"count":1,"href":"https:\/\/www.blogdotarugao.com.br\/v1\/wp-json\/wp\/v2\/posts\/140308\/revisions"}],"predecessor-version":[{"id":140309,"href":"https:\/\/www.blogdotarugao.com.br\/v1\/wp-json\/wp\/v2\/posts\/140308\/revisions\/140309"}],"wp:attachment":[{"href":"https:\/\/www.blogdotarugao.com.br\/v1\/wp-json\/wp\/v2\/media?parent=140308"}],"wp:term":[{"taxonomy":"category","embeddable":true,"href":"https:\/\/www.blogdotarugao.com.br\/v1\/wp-json\/wp\/v2\/categories?post=140308"},{"taxonomy":"post_tag","embeddable":true,"href":"https:\/\/www.blogdotarugao.com.br\/v1\/wp-json\/wp\/v2\/tags?post=140308"}],"curies":[{"name":"wp","href":"https:\/\/api.w.org\/{rel}","templated":true}]}}