{"id":140368,"date":"2021-06-14T18:18:10","date_gmt":"2021-06-14T21:18:10","guid":{"rendered":"http:\/\/www.blogdotarugao.com.br\/v1\/?p=140368"},"modified":"2021-06-14T18:18:10","modified_gmt":"2021-06-14T21:18:10","slug":"bancarios-se-articulam-em-brasilia-para-garantir-vacinacao-mas-nao-descartam-greve","status":"publish","type":"post","link":"https:\/\/www.blogdotarugao.com.br\/v1\/2021\/06\/14\/bancarios-se-articulam-em-brasilia-para-garantir-vacinacao-mas-nao-descartam-greve\/","title":{"rendered":"BANC\u00c1RIOS SE ARTICULAM EM BRAS\u00cdLIA PARA GARANTIR VACINA\u00c7\u00c3O, MAS N\u00c3O DESCARTAM GREVE"},"content":{"rendered":"<h3><img loading=\"lazy\" class=\"\" src=\"https:\/\/api.metro1.com.br\/noticias\/108118,bancarios-se-articulam-em-brasilia-para-garantir-vacinacao-mas-nao-descartam-greve-3.jpg\" alt=\"Banc\u00e1rios se articulam em Bras\u00edlia para garantir vacina\u00e7\u00e3o, mas n\u00e3o descartam greve\" width=\"580\" height=\"272\" \/><\/h3>\n<h3><strong><a href=\"https:\/\/www.metro1.com.br\/noticias\/bahia\/107701,sindicato-dos-bancarios-decide-por-paralisacao-para-pressionar-por-vacinacao-da-categoria\">O indicativo de greve dos banc\u00e1rios previsto em assembleia<\/a><\/strong>\u00a0foi retirado depois que representantes da categoria foram recebidos no Minist\u00e9rio da Sa\u00fade na \u00faltima sexta-feira (11). No encontro, um documento com dados sobre a exposi\u00e7\u00e3o dos banc\u00e1rios \u00e0 Covid-19 foi entregue ao ministro Marcelo Queiroga. O pleito da categoria \u00e9 a sua inclus\u00e3o entre as categorias consideradas priorit\u00e1rias para a vacina\u00e7\u00e3o contra Covid-19.<\/h3>\n<h3>\u201cEle recebeu pela primeira \u00a0vez esse documento, e como desdobramento disse que vai encaminhar os dados para a equipe t\u00e9cnica avaliar\u201d, disse o presidente do Sindicato dos Banc\u00e1rios da Bahia, Augusto Vasconcelos. Segundo o representante, o documento entregue ao ministro aponta um crescimento de 176% no n\u00famero de \u00f3bitos de banc\u00e1rios na compara\u00e7\u00e3o dos tr\u00eas primeiros meses de 2020 com o mesmo per\u00edodo deste ano. \u00a0\u201cA categoria decidiu suspender o indicativo de greve por conta da abertura desse di\u00e1logo, mas n\u00e3o \u00e9 algo que j\u00e1 esteja descartado, vai depender de como as coisas v\u00e3o caminhar\u201d, explica Vasconcelos. Para esta ter\u00e7a-feira (15) uma agenda j\u00e1 est\u00e1 marcada em Bras\u00edlia e a categoria ter\u00e1 reuni\u00f5es com parlamentares al\u00e9m de representantes do Minist\u00e9rio P\u00fablico do Trabalho (MPT). (Metro 1)<\/h3>\n<p><span style=\"color: #0000ff;\">RK<\/span><\/p>\n","protected":false},"excerpt":{"rendered":"<p>O indicativo de greve dos banc\u00e1rios previsto em assembleia\u00a0foi retirado depois que representantes da categoria foram recebidos no Minist\u00e9rio da Sa\u00fade na \u00faltima sexta-feira (11). No encontro, um documento com dados sobre a exposi\u00e7\u00e3o dos banc\u00e1rios \u00e0 Covid-19 foi entregue ao ministro Marcelo Queiroga. O pleito da categoria \u00e9 a sua inclus\u00e3o entre as categorias [&hellip;]<\/p>\n","protected":false},"author":2,"featured_media":0,"comment_status":"open","ping_status":"open","sticky":false,"template":"","format":"standard","meta":{"_links_to":"","_links_to_target":""},"categories":[1],"tags":[],"_links":{"self":[{"href":"https:\/\/www.blogdotarugao.com.br\/v1\/wp-json\/wp\/v2\/posts\/140368"}],"collection":[{"href":"https:\/\/www.blogdotarugao.com.br\/v1\/wp-json\/wp\/v2\/posts"}],"about":[{"href":"https:\/\/www.blogdotarugao.com.br\/v1\/wp-json\/wp\/v2\/types\/post"}],"author":[{"embeddable":true,"href":"https:\/\/www.blogdotarugao.com.br\/v1\/wp-json\/wp\/v2\/users\/2"}],"replies":[{"embeddable":true,"href":"https:\/\/www.blogdotarugao.com.br\/v1\/wp-json\/wp\/v2\/comments?post=140368"}],"version-history":[{"count":1,"href":"https:\/\/www.blogdotarugao.com.br\/v1\/wp-json\/wp\/v2\/posts\/140368\/revisions"}],"predecessor-version":[{"id":140374,"href":"https:\/\/www.blogdotarugao.com.br\/v1\/wp-json\/wp\/v2\/posts\/140368\/revisions\/140374"}],"wp:attachment":[{"href":"https:\/\/www.blogdotarugao.com.br\/v1\/wp-json\/wp\/v2\/media?parent=140368"}],"wp:term":[{"taxonomy":"category","embeddable":true,"href":"https:\/\/www.blogdotarugao.com.br\/v1\/wp-json\/wp\/v2\/categories?post=140368"},{"taxonomy":"post_tag","embeddable":true,"href":"https:\/\/www.blogdotarugao.com.br\/v1\/wp-json\/wp\/v2\/tags?post=140368"}],"curies":[{"name":"wp","href":"https:\/\/api.w.org\/{rel}","templated":true}]}}