{"id":140432,"date":"2021-06-16T08:43:50","date_gmt":"2021-06-16T11:43:50","guid":{"rendered":"http:\/\/www.blogdotarugao.com.br\/v1\/?p=140432"},"modified":"2021-06-16T09:38:29","modified_gmt":"2021-06-16T12:38:29","slug":"itapetinga-exclusivo-parque-da-matinha-podera-ser-reaberto-para-visitacao-no-dia-das-criancas","status":"publish","type":"post","link":"https:\/\/www.blogdotarugao.com.br\/v1\/2021\/06\/16\/itapetinga-exclusivo-parque-da-matinha-podera-ser-reaberto-para-visitacao-no-dia-das-criancas\/","title":{"rendered":"ITAPETINGA: EXCLUSIVO! PARQUE DA MATINHA PODER\u00c1 SER REABERTO PARA VISITA\u00c7\u00c3O NO DIA DAS CRIAN\u00c7AS"},"content":{"rendered":"<h3><img loading=\"lazy\" class=\"wp-image-140448 alignleft\" src=\"http:\/\/www.blogdotarugao.com.br\/v1\/wp-content\/uploads\/2021\/06\/A1-54.jpg\" alt=\"\" width=\"585\" height=\"378\" \/>Em entrevista exclusiva concedida na manh\u00e3 desta quarta (16) ao Jornal da Cidade na R\u00e1dio Jornal AM 660, o Secret\u00e1rio de Meio Ambiente F\u00e1bio Viana declarou que o objetivo da Secretaria \u00e9 reabrir o Parque da Mantinha no pr\u00f3ximo dia 12 de outubro, Dia das Crian\u00e7as.<img loading=\"lazy\" class=\"wp-image-140435 alignleft\" src=\"http:\/\/www.blogdotarugao.com.br\/v1\/wp-content\/uploads\/2021\/06\/A1-51.jpg\" alt=\"\" width=\"584\" height=\"329\" \/><\/h3>\n<h3>F\u00e1bio Viana falou sobre todo trabalho que vem sendo desenvolvido no Parque da Matinha, em especial, a reestrutura\u00e7\u00e3o e cuidado com os animais.<br \/>\nSegundo ainda o Secret\u00e1rio v\u00e1rios animais estar\u00e3o chegando a Matinha e que os funcion\u00e1rios que l\u00e1 trabalham, tem se dedicado ao m\u00e1ximo para que tudo aconte\u00e7a o mais r\u00e1pido poss\u00edvel.<br \/>\nA reabertura do Parque da Matinha \u00e9 um anseio da popula\u00e7\u00e3o de Itapetinga e toda regi\u00e3o.<img loading=\"lazy\" class=\"wp-image-140443 alignleft\" src=\"http:\/\/www.blogdotarugao.com.br\/v1\/wp-content\/uploads\/2021\/06\/A1-53.jpg\" alt=\"\" width=\"585\" height=\"439\" \/><br \/>\nF\u00e1bio garantiu que o parque est\u00e1 regularizado perante aos \u00f3rg\u00e3o de fiscaliza\u00e7\u00e3o ambiental e j\u00e1 poderia est\u00e1 aberto, e que n\u00e3o foi ainda, por causa da Pandemia da Covid-19. \u201cA prud\u00eancia neste momento tem que ser levada em considera\u00e7\u00e3o, pois uma reabertura do Parque da Matinha reuniria no m\u00ednimo 2 mil pessoas, o que poderia colocar as pessoas em risco de contamina\u00e7\u00e3o. O desejo do prefeito e de todos n\u00f3s, \u00e9 que o parque seja reaberto para visita\u00e7\u00e3o nos pr\u00f3ximos dias\u201d finalizou.<\/h3>\n\n\t\t<style type=\"text\/css\">\n\t\t\t#gallery-1 {\n\t\t\t\tmargin: auto;\n\t\t\t}\n\t\t\t#gallery-1 .gallery-item {\n\t\t\t\tfloat: left;\n\t\t\t\tmargin-top: 10px;\n\t\t\t\ttext-align: center;\n\t\t\t\twidth: 33%;\n\t\t\t}\n\t\t\t#gallery-1 img {\n\t\t\t\tborder: 2px solid #cfcfcf;\n\t\t\t}\n\t\t\t#gallery-1 .gallery-caption {\n\t\t\t\tmargin-left: 0;\n\t\t\t}\n\t\t\t\/* see gallery_shortcode() in wp-includes\/media.php *\/\n\t\t<\/style>\n\t\t<div id='gallery-1' class='gallery galleryid-140432 gallery-columns-3 gallery-size-thumbnail'><dl class='gallery-item'>\n\t\t\t<dt class='gallery-icon landscape'>\n\t\t\t\t<a href=\"https:\/\/www.blogdotarugao.com.br\/v1\/wp-content\/uploads\/2021\/06\/A1-55.jpg\" class=\"gallery_colorbox\"><img width=\"200\" height=\"200\" src=\"https:\/\/www.blogdotarugao.com.br\/v1\/wp-content\/uploads\/2021\/06\/A1-55-200x200.jpg\"  class=\"attachment-thumbnail size-thumbnail\" alt=\"\" loading=\"lazy\" \/><\/a>\n\t\t\t<\/dt><\/dl><dl class='gallery-item'>\n\t\t\t<dt class='gallery-icon landscape'>\n\t\t\t\t<a href=\"https:\/\/www.blogdotarugao.com.br\/v1\/wp-content\/uploads\/2021\/06\/A1-56.jpg\" class=\"gallery_colorbox\"><img width=\"200\" height=\"200\" src=\"https:\/\/www.blogdotarugao.com.br\/v1\/wp-content\/uploads\/2021\/06\/A1-56-200x200.jpg\"  class=\"attachment-thumbnail size-thumbnail\" alt=\"\" loading=\"lazy\" \/><\/a>\n\t\t\t<\/dt><\/dl><dl class='gallery-item'>\n\t\t\t<dt class='gallery-icon landscape'>\n\t\t\t\t<a href=\"https:\/\/www.blogdotarugao.com.br\/v1\/wp-content\/uploads\/2021\/06\/A1-54.jpg\" class=\"gallery_colorbox\"><img width=\"200\" height=\"200\" src=\"https:\/\/www.blogdotarugao.com.br\/v1\/wp-content\/uploads\/2021\/06\/A1-54-200x200.jpg\"  class=\"attachment-thumbnail size-thumbnail\" alt=\"\" loading=\"lazy\" \/><\/a>\n\t\t\t<\/dt><\/dl><br style=\"clear: both\" \/><dl class='gallery-item'>\n\t\t\t<dt class='gallery-icon landscape'>\n\t\t\t\t<a href=\"https:\/\/www.blogdotarugao.com.br\/v1\/wp-content\/uploads\/2021\/06\/a5-11.jpg\" class=\"gallery_colorbox\"><img width=\"200\" height=\"200\" src=\"https:\/\/www.blogdotarugao.com.br\/v1\/wp-content\/uploads\/2021\/06\/a5-11-200x200.jpg\"  class=\"attachment-thumbnail size-thumbnail\" alt=\"\" loading=\"lazy\" \/><\/a>\n\t\t\t<\/dt><\/dl><dl class='gallery-item'>\n\t\t\t<dt class='gallery-icon landscape'>\n\t\t\t\t<a href=\"https:\/\/www.blogdotarugao.com.br\/v1\/wp-content\/uploads\/2021\/06\/a3-8.jpg\" class=\"gallery_colorbox\"><img width=\"200\" height=\"200\" src=\"https:\/\/www.blogdotarugao.com.br\/v1\/wp-content\/uploads\/2021\/06\/a3-8-200x200.jpg\"  class=\"attachment-thumbnail size-thumbnail\" alt=\"\" loading=\"lazy\" \/><\/a>\n\t\t\t<\/dt><\/dl><dl class='gallery-item'>\n\t\t\t<dt class='gallery-icon landscape'>\n\t\t\t\t<a href=\"https:\/\/www.blogdotarugao.com.br\/v1\/wp-content\/uploads\/2021\/06\/A2-13.jpg\" class=\"gallery_colorbox\"><img width=\"200\" height=\"200\" src=\"https:\/\/www.blogdotarugao.com.br\/v1\/wp-content\/uploads\/2021\/06\/A2-13-200x200.jpg\"  class=\"attachment-thumbnail size-thumbnail\" alt=\"\" loading=\"lazy\" \/><\/a>\n\t\t\t<\/dt><\/dl><br style=\"clear: both\" \/><dl class='gallery-item'>\n\t\t\t<dt class='gallery-icon landscape'>\n\t\t\t\t<a href=\"https:\/\/www.blogdotarugao.com.br\/v1\/wp-content\/uploads\/2021\/06\/A1-52.jpg\" class=\"gallery_colorbox\"><img width=\"200\" height=\"200\" src=\"https:\/\/www.blogdotarugao.com.br\/v1\/wp-content\/uploads\/2021\/06\/A1-52-200x200.jpg\"  class=\"attachment-thumbnail size-thumbnail\" alt=\"\" loading=\"lazy\" \/><\/a>\n\t\t\t<\/dt><\/dl><dl class='gallery-item'>\n\t\t\t<dt class='gallery-icon landscape'>\n\t\t\t\t<a href=\"https:\/\/www.blogdotarugao.com.br\/v1\/wp-content\/uploads\/2021\/06\/A1-50.jpg\" class=\"gallery_colorbox\"><img width=\"200\" height=\"200\" src=\"https:\/\/www.blogdotarugao.com.br\/v1\/wp-content\/uploads\/2021\/06\/A1-50-200x200.jpg\"  class=\"attachment-thumbnail size-thumbnail\" alt=\"\" loading=\"lazy\" \/><\/a>\n\t\t\t<\/dt><\/dl><dl class='gallery-item'>\n\t\t\t<dt class='gallery-icon landscape'>\n\t\t\t\t<a href=\"https:\/\/www.blogdotarugao.com.br\/v1\/wp-content\/uploads\/2021\/06\/A1-53.jpg\" class=\"gallery_colorbox\"><img width=\"200\" height=\"200\" src=\"https:\/\/www.blogdotarugao.com.br\/v1\/wp-content\/uploads\/2021\/06\/A1-53-200x200.jpg\"  class=\"attachment-thumbnail size-thumbnail\" alt=\"\" loading=\"lazy\" \/><\/a>\n\t\t\t<\/dt><\/dl><br style=\"clear: both\" \/>\n\t\t<\/div>\n\n","protected":false},"excerpt":{"rendered":"<p>Em entrevista exclusiva concedida na manh\u00e3 desta quarta (16) ao Jornal da Cidade na R\u00e1dio Jornal AM 660, o Secret\u00e1rio de Meio Ambiente F\u00e1bio Viana declarou que o objetivo da Secretaria \u00e9 reabrir o Parque da Mantinha no pr\u00f3ximo dia 12 de outubro, Dia das Crian\u00e7as. F\u00e1bio Viana falou sobre todo trabalho que vem sendo [&hellip;]<\/p>\n","protected":false},"author":2,"featured_media":0,"comment_status":"open","ping_status":"open","sticky":false,"template":"","format":"standard","meta":{"_links_to":"","_links_to_target":""},"categories":[1],"tags":[],"_links":{"self":[{"href":"https:\/\/www.blogdotarugao.com.br\/v1\/wp-json\/wp\/v2\/posts\/140432"}],"collection":[{"href":"https:\/\/www.blogdotarugao.com.br\/v1\/wp-json\/wp\/v2\/posts"}],"about":[{"href":"https:\/\/www.blogdotarugao.com.br\/v1\/wp-json\/wp\/v2\/types\/post"}],"author":[{"embeddable":true,"href":"https:\/\/www.blogdotarugao.com.br\/v1\/wp-json\/wp\/v2\/users\/2"}],"replies":[{"embeddable":true,"href":"https:\/\/www.blogdotarugao.com.br\/v1\/wp-json\/wp\/v2\/comments?post=140432"}],"version-history":[{"count":8,"href":"https:\/\/www.blogdotarugao.com.br\/v1\/wp-json\/wp\/v2\/posts\/140432\/revisions"}],"predecessor-version":[{"id":140451,"href":"https:\/\/www.blogdotarugao.com.br\/v1\/wp-json\/wp\/v2\/posts\/140432\/revisions\/140451"}],"wp:attachment":[{"href":"https:\/\/www.blogdotarugao.com.br\/v1\/wp-json\/wp\/v2\/media?parent=140432"}],"wp:term":[{"taxonomy":"category","embeddable":true,"href":"https:\/\/www.blogdotarugao.com.br\/v1\/wp-json\/wp\/v2\/categories?post=140432"},{"taxonomy":"post_tag","embeddable":true,"href":"https:\/\/www.blogdotarugao.com.br\/v1\/wp-json\/wp\/v2\/tags?post=140432"}],"curies":[{"name":"wp","href":"https:\/\/api.w.org\/{rel}","templated":true}]}}