{"id":140483,"date":"2021-06-17T05:21:19","date_gmt":"2021-06-17T08:21:19","guid":{"rendered":"http:\/\/www.blogdotarugao.com.br\/v1\/?p=140483"},"modified":"2021-06-17T05:21:19","modified_gmt":"2021-06-17T08:21:19","slug":"prefeito-quer-que-pioneira-serrana-sp-seja-exemplo-ao-mundo","status":"publish","type":"post","link":"https:\/\/www.blogdotarugao.com.br\/v1\/2021\/06\/17\/prefeito-quer-que-pioneira-serrana-sp-seja-exemplo-ao-mundo\/","title":{"rendered":"PREFEITO QUER QUE \u2018PIONEIRA\u2019 SERRANA-SP SEJA EXEMPLO AO MUNDO"},"content":{"rendered":"<h3><img loading=\"lazy\" class=\"\" src=\"https:\/\/img.r7.com\/images\/projeto-s-serrana-vacinacao-coronavirus-21042021163906444?dimensions=677x369&amp;&amp;amp;&amp;amp;&amp;amp;&amp;amp;resize=677x369&amp;amp;crop=812x443+0+111&amp;amp;&amp;amp;&amp;amp;&amp;amp;resize=677x369&amp;amp;crop=812x443+0+111\" alt=\"Vacina\u00e7\u00e3o em massa na cidade de Serrana (SP) terminou em 11 de abril\" width=\"581\" height=\"317\" \/><\/h3>\n<h3>Dois meses ap\u00f3s o t\u00e9rmino da vacina\u00e7\u00e3o em massa contra a covid-19 em Serrana (SP), o prefeito do munic\u00edpio do interior paulista, Leonardo Capitelli (MDB), quer que a cidade seja exemplo mundial de combate ao novo coronav\u00edrus.<\/h3>\n<h3>Ao falar sobre os resultados de redu\u00e7\u00e3o nas mortes e interna\u00e7\u00f5es, divulgados h\u00e1 cerca de duas semanas pelo Instituto Butantan, Capitelli comenta com orgulho ao\u00a0<strong>R7\u00a0<\/strong>sobre o que espera a partir do Projeto S.<\/h3>\n<h3>\u201cEsses n\u00fameros levar\u00e3o esperan\u00e7a n\u00e3o s\u00f3 pra cidade como o Brasil todo e o mundo todo, v\u00e3o servir de par\u00e2metro para a maior pandemia do s\u00e9culo. Torcemos pra que a vacina\u00e7\u00e3o avance no pa\u00eds e que possa salvar mais vidas, e que toda popula\u00e7\u00e3o brasileira e mundial possa ter essa seguran\u00e7a [com os resultados do estudo]\u201d, afirma o prefeito.<\/h3>\n<h3>Segundo os dados revelados pelo Butantan em 31 de maio, al\u00e9m da\u00a0<a href=\"https:\/\/noticias.r7.com\/sao-paulo\/mortes-por-covid-19-despencam-95-apos-vacinacao-em-serrana-31052021\" target=\"_blank\" rel=\"noopener noreferrer\"><strong>queda em 95% das mortes por covid<\/strong><\/a>\u00a0na cidade, os casos sintom\u00e1ticos ca\u00edram em 80% e as interna\u00e7\u00f5es hospitalares, em 86%.<\/h3>\n<h3>Quase duas semanas ap\u00f3s os resultados otimistas,\u00a0<a href=\"https:\/\/noticias.r7.com\/sao-paulo\/sp-confianca-e-retomada-marcam-rotina-pos-vacinacao-em-serrana-12062021\" target=\"_blank\" rel=\"noopener noreferrer\"><strong>relatos de moradores e empres\u00e1rios<\/strong><\/a>\u00a0apontaram para um clima de maior seguran\u00e7a e tranquilidade na cidade, al\u00e9m da melhora no movimento do com\u00e9rcio local.<\/h3>\n<h3>O estudo in\u00e9dito no mundo, como destaca o Butantan, tamb\u00e9m mostrou que, a partir da cobertura vacinal de 75% da popula\u00e7\u00e3o,\u00a0<a href=\"https:\/\/noticias.r7.com\/sao-paulo\/butantan-pandemia-e-controlada-com-75-da-populacao-vacinada-31052021\" target=\"_blank\" rel=\"noopener noreferrer\"><strong>a pandemia pode ser controlada<\/strong><\/a>.<\/h3>\n<h3>Antes mesmo da divulga\u00e7\u00e3o dos dados do Butantan, relatos e dados da prefeitura j\u00e1 indicavam a\u00a0<a href=\"https:\/\/noticias.r7.com\/sao-paulo\/apos-vacinacao-em-massa-casos-de-covid-caem-66-em-serrana-sp-09052021\" target=\"_blank\" rel=\"noopener noreferrer\"><strong>queda nos casos<\/strong>\u00a0<strong>e na procura por testes<\/strong><\/a>\u00a0para a covid-19.<\/h3>\n<h3>Embora tr\u00eas quartos da popula\u00e7\u00e3o imunizada fossem o bastante, o n\u00famero de imunizados foi muito superior: apesar das pesquisas meses antes do in\u00edcio do estudo apontassem para 85% dos habitantes interessados na vacina, 97,9% da popula\u00e7\u00e3o adulta da cidade participaram do projeto e se imunizara. ( R7 )<\/h3>\n<p><span style=\"color: #0000ff;\">RK<\/span><\/p>\n","protected":false},"excerpt":{"rendered":"<p>Dois meses ap\u00f3s o t\u00e9rmino da vacina\u00e7\u00e3o em massa contra a covid-19 em Serrana (SP), o prefeito do munic\u00edpio do interior paulista, Leonardo Capitelli (MDB), quer que a cidade seja exemplo mundial de combate ao novo coronav\u00edrus. Ao falar sobre os resultados de redu\u00e7\u00e3o nas mortes e interna\u00e7\u00f5es, divulgados h\u00e1 cerca de duas semanas pelo [&hellip;]<\/p>\n","protected":false},"author":2,"featured_media":0,"comment_status":"open","ping_status":"open","sticky":false,"template":"","format":"standard","meta":{"_links_to":"","_links_to_target":""},"categories":[1],"tags":[],"_links":{"self":[{"href":"https:\/\/www.blogdotarugao.com.br\/v1\/wp-json\/wp\/v2\/posts\/140483"}],"collection":[{"href":"https:\/\/www.blogdotarugao.com.br\/v1\/wp-json\/wp\/v2\/posts"}],"about":[{"href":"https:\/\/www.blogdotarugao.com.br\/v1\/wp-json\/wp\/v2\/types\/post"}],"author":[{"embeddable":true,"href":"https:\/\/www.blogdotarugao.com.br\/v1\/wp-json\/wp\/v2\/users\/2"}],"replies":[{"embeddable":true,"href":"https:\/\/www.blogdotarugao.com.br\/v1\/wp-json\/wp\/v2\/comments?post=140483"}],"version-history":[{"count":1,"href":"https:\/\/www.blogdotarugao.com.br\/v1\/wp-json\/wp\/v2\/posts\/140483\/revisions"}],"predecessor-version":[{"id":140484,"href":"https:\/\/www.blogdotarugao.com.br\/v1\/wp-json\/wp\/v2\/posts\/140483\/revisions\/140484"}],"wp:attachment":[{"href":"https:\/\/www.blogdotarugao.com.br\/v1\/wp-json\/wp\/v2\/media?parent=140483"}],"wp:term":[{"taxonomy":"category","embeddable":true,"href":"https:\/\/www.blogdotarugao.com.br\/v1\/wp-json\/wp\/v2\/categories?post=140483"},{"taxonomy":"post_tag","embeddable":true,"href":"https:\/\/www.blogdotarugao.com.br\/v1\/wp-json\/wp\/v2\/tags?post=140483"}],"curies":[{"name":"wp","href":"https:\/\/api.w.org\/{rel}","templated":true}]}}