{"id":140485,"date":"2021-06-17T05:32:02","date_gmt":"2021-06-17T08:32:02","guid":{"rendered":"http:\/\/www.blogdotarugao.com.br\/v1\/?p=140485"},"modified":"2021-06-17T06:49:51","modified_gmt":"2021-06-17T09:49:51","slug":"pfizer-antecipa-7-milhoes-de-doses-e-quase-dobra-entregas-em-julho","status":"publish","type":"post","link":"https:\/\/www.blogdotarugao.com.br\/v1\/2021\/06\/17\/pfizer-antecipa-7-milhoes-de-doses-e-quase-dobra-entregas-em-julho\/","title":{"rendered":"PFIZER ANTECIPA 7 MILH\u00d5ES DE DOSES E QUASE DOBRA ENTREGAS EM JULHO"},"content":{"rendered":"<h3><img loading=\"lazy\" class=\"wp-image-140491 alignleft\" src=\"http:\/\/www.blogdotarugao.com.br\/v1\/wp-content\/uploads\/2021\/06\/A1-62.jpg\" alt=\"\" width=\"585\" height=\"319\" \/><\/h3>\n<h3>Ap\u00f3s\u00a0<a href=\"https:\/\/noticias.r7.com\/prisma\/blog-do-nolasco\/bolsonaro-se-reune-com-a-pfizer-e-pede-antecipacao-do-envio-de-doses-14062021\"><strong>pedido do presidente Jair Bolsonaro\u00a0<\/strong><\/a>(sem partido), a\u00a0<a href=\"https:\/\/noticias.r7.com\/saude\/anvisa-autoriza-pfizer-para-criancas-e-adolescentes-de-12-a-15-anos-11062021\"><strong>Pfizer\u00a0<\/strong><\/a>antecipou 7 milh\u00f5es de doses da sua vacina e quase dobrou a previs\u00e3o para o m\u00eas de julho, anunciou nesta quarta-feira (16) o Minist\u00e9rio da Sa\u00fade. Com a nova remessa, o Brasil vai receber 15 milh\u00f5es de doses no m\u00eas que vem.<\/h3>\n<h3>A partir dos dois \u00faltimos trimestres de 2021, o Brasil deve receber a maioria das\u00a0<a href=\"https:\/\/noticias.r7.com\/brasil\/governo-fecha-contrato-por-mais-100-milhoes-de-doses-da-pfizer-25052021\"><strong>200 milh\u00f5es de doses contratadas da farmac\u00eautica<\/strong><\/a>. Enquanto isso, a tentativa do governo \u00e9 de tentar antecipar a entregas marcadas para o fim do ano da Pfizer, da\u00a0<a href=\"https:\/\/noticias.r7.com\/brasil\/queiroga-nao-fixa-data-para-doses-da-janssen-quando-embarcarem-16062021\"><strong>Janssen\u00a0<\/strong><\/a>e da Moderna, como j\u00e1\u00a0<a href=\"https:\/\/noticias.r7.com\/brasil\/queiroga-alerta-para-falta-de-ifa-de-vacinas-em-julho-e-em-agosto-08062021\"><strong>anunciou o ministro da Sa\u00fade, Marcelo Queiroga<\/strong><\/a>.<\/h3>\n<h3>Foi o que aconteceu nesta ter\u00e7a-feira (15), durante reuni\u00e3o entre a c\u00fapula do governo federal e a empresa. No encontro, o gerente-geral da Pfizer na Am\u00e9rica Latina, Carlos Murillo, prometeu priorizar o Brasil na antecipa\u00e7\u00e3o de doses. ( R 7 )<\/h3>\n<p><span style=\"color: #0000ff;\">RK<\/span><\/p>\n","protected":false},"excerpt":{"rendered":"<p>Ap\u00f3s\u00a0pedido do presidente Jair Bolsonaro\u00a0(sem partido), a\u00a0Pfizer\u00a0antecipou 7 milh\u00f5es de doses da sua vacina e quase dobrou a previs\u00e3o para o m\u00eas de julho, anunciou nesta quarta-feira (16) o Minist\u00e9rio da Sa\u00fade. Com a nova remessa, o Brasil vai receber 15 milh\u00f5es de doses no m\u00eas que vem. A partir dos dois \u00faltimos trimestres de [&hellip;]<\/p>\n","protected":false},"author":2,"featured_media":0,"comment_status":"open","ping_status":"open","sticky":false,"template":"","format":"standard","meta":{"_links_to":"","_links_to_target":""},"categories":[1],"tags":[],"_links":{"self":[{"href":"https:\/\/www.blogdotarugao.com.br\/v1\/wp-json\/wp\/v2\/posts\/140485"}],"collection":[{"href":"https:\/\/www.blogdotarugao.com.br\/v1\/wp-json\/wp\/v2\/posts"}],"about":[{"href":"https:\/\/www.blogdotarugao.com.br\/v1\/wp-json\/wp\/v2\/types\/post"}],"author":[{"embeddable":true,"href":"https:\/\/www.blogdotarugao.com.br\/v1\/wp-json\/wp\/v2\/users\/2"}],"replies":[{"embeddable":true,"href":"https:\/\/www.blogdotarugao.com.br\/v1\/wp-json\/wp\/v2\/comments?post=140485"}],"version-history":[{"count":2,"href":"https:\/\/www.blogdotarugao.com.br\/v1\/wp-json\/wp\/v2\/posts\/140485\/revisions"}],"predecessor-version":[{"id":140492,"href":"https:\/\/www.blogdotarugao.com.br\/v1\/wp-json\/wp\/v2\/posts\/140485\/revisions\/140492"}],"wp:attachment":[{"href":"https:\/\/www.blogdotarugao.com.br\/v1\/wp-json\/wp\/v2\/media?parent=140485"}],"wp:term":[{"taxonomy":"category","embeddable":true,"href":"https:\/\/www.blogdotarugao.com.br\/v1\/wp-json\/wp\/v2\/categories?post=140485"},{"taxonomy":"post_tag","embeddable":true,"href":"https:\/\/www.blogdotarugao.com.br\/v1\/wp-json\/wp\/v2\/tags?post=140485"}],"curies":[{"name":"wp","href":"https:\/\/api.w.org\/{rel}","templated":true}]}}