{"id":140494,"date":"2021-06-17T19:46:46","date_gmt":"2021-06-17T22:46:46","guid":{"rendered":"http:\/\/www.blogdotarugao.com.br\/v1\/?p=140494"},"modified":"2021-06-17T19:49:05","modified_gmt":"2021-06-17T22:49:05","slug":"itapetinga-moises-serafim-anima-sua-manha-de-sexta-18-na-radio-jornal-660-am-2","status":"publish","type":"post","link":"https:\/\/www.blogdotarugao.com.br\/v1\/2021\/06\/17\/itapetinga-moises-serafim-anima-sua-manha-de-sexta-18-na-radio-jornal-660-am-2\/","title":{"rendered":"ITAPETINGA: MOIS\u00c9S SERAFIM ANIMA SUA MANH\u00c3 DE SEXTA (18) NA R\u00c1DIO JORNAL 660 AM"},"content":{"rendered":"<p><iframe loading=\"lazy\" title=\"YouTube video player\" src=\"https:\/\/www.youtube.com\/embed\/iYN0k05B6ck\" width=\"585\" height=\"360\" frameborder=\"0\" allowfullscreen=\"allowfullscreen\"><\/iframe><\/p>\n<h3 class=\"PostHeaderIcons metadata-icons\">O programa \u201cJornal da Cidade\u201d da programa\u00e7\u00e3o da R\u00e1dio Jornal 660 AM em Itapetinga. Apresentado por Tarug\u00e3o, Robertone e Felipe, vai ao ar de segunda a sexta das 06:30 \u00e0s 08h da manh\u00e3, oferecendo aos seus ouvintes informa\u00e7\u00f5es de qualidade, com destaque para o interesse da comunidade e utilidade p\u00fablica.<\/h3>\n<div class=\"PostContent\">\n<h3>O Jornal da Cidade ter\u00e1 participa\u00e7\u00e3o do cantor Mois\u00e9s Serafim.<br \/>\nLigue e participe! (<span style=\"color: #0000ff;\">77<\/span>)\u00a0<span style=\"color: #0000ff;\">3261-1010<\/span> tamb\u00e9m \u00e9 <span style=\"color: #0000ff;\">Zap<\/span><br \/>\n(<span style=\"color: #0000ff;\">77<\/span>)\u00a0<span style=\"color: #0000ff;\">98821-2051 ZAP<\/span><br \/>\nEndere\u00e7o na NET: www.radiojornal.com.br<\/h3>\n<\/div>\n","protected":false},"excerpt":{"rendered":"<p>O programa \u201cJornal da Cidade\u201d da programa\u00e7\u00e3o da R\u00e1dio Jornal 660 AM em Itapetinga. Apresentado por Tarug\u00e3o, Robertone e Felipe, vai ao ar de segunda a sexta das 06:30 \u00e0s 08h da manh\u00e3, oferecendo aos seus ouvintes informa\u00e7\u00f5es de qualidade, com destaque para o interesse da comunidade e utilidade p\u00fablica. O Jornal da Cidade ter\u00e1 [&hellip;]<\/p>\n","protected":false},"author":2,"featured_media":140496,"comment_status":"open","ping_status":"open","sticky":false,"template":"","format":"standard","meta":{"_links_to":"","_links_to_target":""},"categories":[1],"tags":[],"_links":{"self":[{"href":"https:\/\/www.blogdotarugao.com.br\/v1\/wp-json\/wp\/v2\/posts\/140494"}],"collection":[{"href":"https:\/\/www.blogdotarugao.com.br\/v1\/wp-json\/wp\/v2\/posts"}],"about":[{"href":"https:\/\/www.blogdotarugao.com.br\/v1\/wp-json\/wp\/v2\/types\/post"}],"author":[{"embeddable":true,"href":"https:\/\/www.blogdotarugao.com.br\/v1\/wp-json\/wp\/v2\/users\/2"}],"replies":[{"embeddable":true,"href":"https:\/\/www.blogdotarugao.com.br\/v1\/wp-json\/wp\/v2\/comments?post=140494"}],"version-history":[{"count":3,"href":"https:\/\/www.blogdotarugao.com.br\/v1\/wp-json\/wp\/v2\/posts\/140494\/revisions"}],"predecessor-version":[{"id":140498,"href":"https:\/\/www.blogdotarugao.com.br\/v1\/wp-json\/wp\/v2\/posts\/140494\/revisions\/140498"}],"wp:featuredmedia":[{"embeddable":true,"href":"https:\/\/www.blogdotarugao.com.br\/v1\/wp-json\/wp\/v2\/media\/140496"}],"wp:attachment":[{"href":"https:\/\/www.blogdotarugao.com.br\/v1\/wp-json\/wp\/v2\/media?parent=140494"}],"wp:term":[{"taxonomy":"category","embeddable":true,"href":"https:\/\/www.blogdotarugao.com.br\/v1\/wp-json\/wp\/v2\/categories?post=140494"},{"taxonomy":"post_tag","embeddable":true,"href":"https:\/\/www.blogdotarugao.com.br\/v1\/wp-json\/wp\/v2\/tags?post=140494"}],"curies":[{"name":"wp","href":"https:\/\/api.w.org\/{rel}","templated":true}]}}