{"id":140526,"date":"2021-06-19T08:18:42","date_gmt":"2021-06-19T11:18:42","guid":{"rendered":"http:\/\/www.blogdotarugao.com.br\/v1\/?p=140526"},"modified":"2021-06-19T08:18:42","modified_gmt":"2021-06-19T11:18:42","slug":"itapetinga-cdl-informa-dia-de-sao-joao-24-06-o-comercio-estara-fechado","status":"publish","type":"post","link":"https:\/\/www.blogdotarugao.com.br\/v1\/2021\/06\/19\/itapetinga-cdl-informa-dia-de-sao-joao-24-06-o-comercio-estara-fechado\/","title":{"rendered":"ITAPETINGA: CDL INFORMA! DIA DE S\u00c3O JO\u00c3O ( 24\/06 ) O COM\u00c9RCIO ESTAR\u00c1 FECHADO"},"content":{"rendered":"<h3><img loading=\"lazy\" class=\"alignnone  wp-image-140527\" src=\"http:\/\/www.blogdotarugao.com.br\/v1\/wp-content\/uploads\/2021\/06\/cdl.jpeg\" alt=\"\" width=\"581\" height=\"581\" srcset=\"https:\/\/www.blogdotarugao.com.br\/v1\/wp-content\/uploads\/2021\/06\/cdl.jpeg 600w, https:\/\/www.blogdotarugao.com.br\/v1\/wp-content\/uploads\/2021\/06\/cdl-200x200.jpeg 200w\" sizes=\"(max-width: 581px) 100vw, 581px\" \/><\/h3>\n<h3><strong>Considerando a impossibilidade de realiza\u00e7\u00e3o dos festejos juninos por conta da pandemia, e com isso a falta de motiva\u00e7\u00e3o para vendas no dia 24\/06,\u00a0<\/strong><strong>a classe lojista \u00a0e o Sindicato dos Comerci\u00e1rios celebram\u00a0 novo acordo.<\/strong><\/h3>\n<h3><strong>O Com\u00e9rcio estar\u00e1 fechado no dia 24 de junho.\u00a0<\/strong><strong>As folgas gozadas nos dias 15 e 16\/02\/2021 \u2013 Carnaval, ser\u00e3o compensadas pelos feriados dos dias 02\/07\/2021 \u2013 Dia da Independ\u00eancia da Bahia e do Dia do Comerci\u00e1rio (18\/10\/21), respectivamente.<\/strong><\/h3>\n<p><span style=\"color: #0000ff;\">RK<\/span><\/p>\n","protected":false},"excerpt":{"rendered":"<p>Considerando a impossibilidade de realiza\u00e7\u00e3o dos festejos juninos por conta da pandemia, e com isso a falta de motiva\u00e7\u00e3o para vendas no dia 24\/06,\u00a0a classe lojista \u00a0e o Sindicato dos Comerci\u00e1rios celebram\u00a0 novo acordo. O Com\u00e9rcio estar\u00e1 fechado no dia 24 de junho.\u00a0As folgas gozadas nos dias 15 e 16\/02\/2021 \u2013 Carnaval, ser\u00e3o compensadas pelos [&hellip;]<\/p>\n","protected":false},"author":2,"featured_media":0,"comment_status":"open","ping_status":"open","sticky":false,"template":"","format":"standard","meta":{"_links_to":"","_links_to_target":""},"categories":[1],"tags":[],"_links":{"self":[{"href":"https:\/\/www.blogdotarugao.com.br\/v1\/wp-json\/wp\/v2\/posts\/140526"}],"collection":[{"href":"https:\/\/www.blogdotarugao.com.br\/v1\/wp-json\/wp\/v2\/posts"}],"about":[{"href":"https:\/\/www.blogdotarugao.com.br\/v1\/wp-json\/wp\/v2\/types\/post"}],"author":[{"embeddable":true,"href":"https:\/\/www.blogdotarugao.com.br\/v1\/wp-json\/wp\/v2\/users\/2"}],"replies":[{"embeddable":true,"href":"https:\/\/www.blogdotarugao.com.br\/v1\/wp-json\/wp\/v2\/comments?post=140526"}],"version-history":[{"count":1,"href":"https:\/\/www.blogdotarugao.com.br\/v1\/wp-json\/wp\/v2\/posts\/140526\/revisions"}],"predecessor-version":[{"id":140528,"href":"https:\/\/www.blogdotarugao.com.br\/v1\/wp-json\/wp\/v2\/posts\/140526\/revisions\/140528"}],"wp:attachment":[{"href":"https:\/\/www.blogdotarugao.com.br\/v1\/wp-json\/wp\/v2\/media?parent=140526"}],"wp:term":[{"taxonomy":"category","embeddable":true,"href":"https:\/\/www.blogdotarugao.com.br\/v1\/wp-json\/wp\/v2\/categories?post=140526"},{"taxonomy":"post_tag","embeddable":true,"href":"https:\/\/www.blogdotarugao.com.br\/v1\/wp-json\/wp\/v2\/tags?post=140526"}],"curies":[{"name":"wp","href":"https:\/\/api.w.org\/{rel}","templated":true}]}}