{"id":140533,"date":"2021-06-20T20:49:58","date_gmt":"2021-06-20T23:49:58","guid":{"rendered":"http:\/\/www.blogdotarugao.com.br\/v1\/?p=140533"},"modified":"2021-06-20T20:49:58","modified_gmt":"2021-06-20T23:49:58","slug":"maioria-de-obitos-por-covid-19-ja-e-no-grupo-com-menos-de-60-anos","status":"publish","type":"post","link":"https:\/\/www.blogdotarugao.com.br\/v1\/2021\/06\/20\/maioria-de-obitos-por-covid-19-ja-e-no-grupo-com-menos-de-60-anos\/","title":{"rendered":"MAIORIA DE \u00d3BITOS POR COVID-19 J\u00c1 \u00c9 NO GRUPO COM MENOS DE 60 ANOS"},"content":{"rendered":"<p><img src=\"https:\/\/img.r7.com\/images\/afp-covid-19-hospital-alemanha-1500-29042021105302687?dimensions=677x369\" alt=\"Pela 1\u00ba vez, maior parte dos novos \u00f3bitos registrados no pa\u00eds n\u00e3o ocorre entre idosos\" \/><\/p>\n<h3>Embora a maioria dos brasileiros v\u00edtimas da <a href=\"https:\/\/noticias.r7.com\/saude\/coronavirus\" target=\"_blank\" rel=\"noopener noreferrer\"><strong>covid-19<\/strong><\/a>\u00a0ainda seja idosa, pela primeira vez desde o in\u00edcio da pandemia a maior parte dos novos \u00f3bitos registrados no pa\u00eds n\u00e3o ocorre neste grupo.<\/h3>\n<h3>Dados tabulados pelo Estad\u00e3o no Sivep-Gripe, sistema do Minist\u00e9rio da Sa\u00fade que registra interna\u00e7\u00f5es e \u00f3bitos por covid, mostram que 54,4% das v\u00edtimas mortas em junho tinham menos de 60 anos. Em maio, esse \u00edndice era de 44,6%. Em todos os meses do ano passado, esse porcentual ficou sempre abaixo dos 30%.<\/h3>\n<h3>O in\u00edcio da vacina\u00e7\u00e3o dos idosos em janeiro ajuda a explicar o fen\u00f4meno, mas n\u00e3o \u00e9 a \u00fanica raz\u00e3o. Segundo especialistas, o desrespeito a medidas de prote\u00e7\u00e3o e a dissemina\u00e7\u00e3o de novas cepas &#8211; potencialmente mais agressivas &#8211; podem estar causando maior vitimiza\u00e7\u00e3o de jovens. O alerta vale at\u00e9 para adultos que n\u00e3o possuem comorbidades.<\/h3>\n<h3>A propor\u00e7\u00e3o de v\u00edtimas sem fatores de risco &#8211; menores de 60 anos e sem nenhuma doen\u00e7a cr\u00f4nica &#8211; mais do que dobrou desde os primeiros meses. De acordo com o levantamento do Estad\u00e3o, 20,7% de todos os mortos por covid em junho tinham esse perfil. No mesmo m\u00eas do ano passado, esse \u00edndice foi de 7,75%.<\/h3>\n<h3>E, em n\u00fameros absolutos, j\u00e1 h\u00e1 nova tend\u00eancia de crescimento de v\u00edtimas entre pessoas de 0 a 59 anos a partir da semana epidemiol\u00f3gica 20, que come\u00e7ou em 16 de maio. Ao mesmo tempo, a curva de v\u00edtimas idosas vem mantendo queda sustentada. Enquanto em 2020 a maioria das v\u00edtimas tinha mais de 70 anos, em junho de 2021 a mediana de idade dos mortos \u00e9 de 58. ( R7 )<\/h3>\n<p><span style=\"color: #0000ff;\">RK<\/span><\/p>\n","protected":false},"excerpt":{"rendered":"<p>Embora a maioria dos brasileiros v\u00edtimas da covid-19\u00a0ainda seja idosa, pela primeira vez desde o in\u00edcio da pandemia a maior parte dos novos \u00f3bitos registrados no pa\u00eds n\u00e3o ocorre neste grupo. Dados tabulados pelo Estad\u00e3o no Sivep-Gripe, sistema do Minist\u00e9rio da Sa\u00fade que registra interna\u00e7\u00f5es e \u00f3bitos por covid, mostram que 54,4% das v\u00edtimas mortas [&hellip;]<\/p>\n","protected":false},"author":2,"featured_media":0,"comment_status":"open","ping_status":"open","sticky":false,"template":"","format":"standard","meta":{"_links_to":"","_links_to_target":""},"categories":[1],"tags":[],"_links":{"self":[{"href":"https:\/\/www.blogdotarugao.com.br\/v1\/wp-json\/wp\/v2\/posts\/140533"}],"collection":[{"href":"https:\/\/www.blogdotarugao.com.br\/v1\/wp-json\/wp\/v2\/posts"}],"about":[{"href":"https:\/\/www.blogdotarugao.com.br\/v1\/wp-json\/wp\/v2\/types\/post"}],"author":[{"embeddable":true,"href":"https:\/\/www.blogdotarugao.com.br\/v1\/wp-json\/wp\/v2\/users\/2"}],"replies":[{"embeddable":true,"href":"https:\/\/www.blogdotarugao.com.br\/v1\/wp-json\/wp\/v2\/comments?post=140533"}],"version-history":[{"count":1,"href":"https:\/\/www.blogdotarugao.com.br\/v1\/wp-json\/wp\/v2\/posts\/140533\/revisions"}],"predecessor-version":[{"id":140534,"href":"https:\/\/www.blogdotarugao.com.br\/v1\/wp-json\/wp\/v2\/posts\/140533\/revisions\/140534"}],"wp:attachment":[{"href":"https:\/\/www.blogdotarugao.com.br\/v1\/wp-json\/wp\/v2\/media?parent=140533"}],"wp:term":[{"taxonomy":"category","embeddable":true,"href":"https:\/\/www.blogdotarugao.com.br\/v1\/wp-json\/wp\/v2\/categories?post=140533"},{"taxonomy":"post_tag","embeddable":true,"href":"https:\/\/www.blogdotarugao.com.br\/v1\/wp-json\/wp\/v2\/tags?post=140533"}],"curies":[{"name":"wp","href":"https:\/\/api.w.org\/{rel}","templated":true}]}}