{"id":140543,"date":"2021-06-21T13:26:20","date_gmt":"2021-06-21T16:26:20","guid":{"rendered":"http:\/\/www.blogdotarugao.com.br\/v1\/?p=140543"},"modified":"2021-06-21T13:26:20","modified_gmt":"2021-06-21T16:26:20","slug":"prefeitura-de-itapetinga-realiza-campanha-contra-o-trabalho-infantil","status":"publish","type":"post","link":"https:\/\/www.blogdotarugao.com.br\/v1\/2021\/06\/21\/prefeitura-de-itapetinga-realiza-campanha-contra-o-trabalho-infantil\/","title":{"rendered":"PREFEITURA DE ITAPETINGA REALIZA CAMPANHA CONTRA O TRABALHO INFANTIL"},"content":{"rendered":"<h3><img loading=\"lazy\" class=\"alignleft\" src=\"http:\/\/www.itapetinga.ba.gov.br\/wp-content\/uploads\/2021\/06\/WhatsApp-Image-2021-06-17-at-17.13.13-990x469.jpeg\" width=\"584\" height=\"277\" \/><\/h3>\n<h3>12 de junho \u00e9 considerado o Dia Mundial de Combate ao Trabalho Infantil. A data \u00e9 uma oportunidade para sensibilizar, informar, debater e dar destaque ao combate a essa viola\u00e7\u00e3o de direitos de crian\u00e7as e adolescentes.<\/h3>\n<h3>Buscando a garantia dos direitos, entre os dias 08 e 17 de junho, as equipes do CREAS \u2013 Centro de Refer\u00eancia Especializado em Assist\u00eancia Social \u2013 e do Conselho Tutelar desenvolveram atividades de conscientiza\u00e7\u00e3o e combate. Al\u00e9m de a\u00e7\u00f5es educativas, o grupo fez buscas ativas nas feiras livres da cidade, orientou grupos de m\u00e3es nos CRAS e foi \u00e0s r\u00e1dios da cidade para levar informa\u00e7\u00f5es sobre o tema.<\/h3>\n<h3>\u201cO intuito dessas a\u00e7\u00f5es \u00e9 mostrar \u00e0 popula\u00e7\u00e3o a import\u00e2ncia de respeitar as fases do desenvolvimento infantil e os riscos que o trabalho infantil pode gerar na vida dessas crian\u00e7as. Dentre as principais consequ\u00eancias est\u00e3o os comprometimentos f\u00edsico, psicol\u00f3gico, cognitivo e educacional. O trabalho infantil deixa marcas na inf\u00e2ncia que, tornam-se irrevers\u00edveis e duram at\u00e9 a vida adulta\u201d, disse a psic\u00f3loga Nin\u00e1lia Almeida, Coordenadora da PSE.<\/h3>\n<h3>Nos \u00faltimos 13 anos, 290 crian\u00e7as e adolescentes de cinco a 17 anos morreram enquanto trabalhavam e 29.495 sofreram acidentes graves. Tamb\u00e9m entre 2007 e 2020, 49.254 tiveram algum tipo de agravo \u00e0 sa\u00fade. Os dados s\u00e3o do Sistema Nacional de Agravos de Notifica\u00e7\u00e3o (Sinan), do Minist\u00e9rio da Sa\u00fade, e expressam como o trabalho infantil prejudica o desenvolvimento pleno e a sa\u00fade, al\u00e9m de oferecer risco \u00e0 vida de meninas e meninos.<\/h3>\n<p><img loading=\"lazy\" class=\"alignleft\" src=\"http:\/\/www.itapetinga.ba.gov.br\/wp-content\/uploads\/2021\/06\/WhatsApp-Image-2021-06-17-at-17.13.16-1.jpeg\" width=\"584\" height=\"438\" \/><\/p>\n<p><img loading=\"lazy\" class=\"alignleft\" src=\"http:\/\/www.itapetinga.ba.gov.br\/wp-content\/uploads\/2021\/06\/WhatsApp-Image-2021-06-17-at-17.13.16.jpeg\" width=\"584\" height=\"352\" \/><\/p>\n<p><span style=\"color: #0000ff;\">AF<\/span><\/p>\n","protected":false},"excerpt":{"rendered":"<p>12 de junho \u00e9 considerado o Dia Mundial de Combate ao Trabalho Infantil. A data \u00e9 uma oportunidade para sensibilizar, informar, debater e dar destaque ao combate a essa viola\u00e7\u00e3o de direitos de crian\u00e7as e adolescentes. Buscando a garantia dos direitos, entre os dias 08 e 17 de junho, as equipes do CREAS \u2013 Centro [&hellip;]<\/p>\n","protected":false},"author":2,"featured_media":0,"comment_status":"open","ping_status":"open","sticky":false,"template":"","format":"standard","meta":{"_links_to":"","_links_to_target":""},"categories":[1],"tags":[],"_links":{"self":[{"href":"https:\/\/www.blogdotarugao.com.br\/v1\/wp-json\/wp\/v2\/posts\/140543"}],"collection":[{"href":"https:\/\/www.blogdotarugao.com.br\/v1\/wp-json\/wp\/v2\/posts"}],"about":[{"href":"https:\/\/www.blogdotarugao.com.br\/v1\/wp-json\/wp\/v2\/types\/post"}],"author":[{"embeddable":true,"href":"https:\/\/www.blogdotarugao.com.br\/v1\/wp-json\/wp\/v2\/users\/2"}],"replies":[{"embeddable":true,"href":"https:\/\/www.blogdotarugao.com.br\/v1\/wp-json\/wp\/v2\/comments?post=140543"}],"version-history":[{"count":1,"href":"https:\/\/www.blogdotarugao.com.br\/v1\/wp-json\/wp\/v2\/posts\/140543\/revisions"}],"predecessor-version":[{"id":140544,"href":"https:\/\/www.blogdotarugao.com.br\/v1\/wp-json\/wp\/v2\/posts\/140543\/revisions\/140544"}],"wp:attachment":[{"href":"https:\/\/www.blogdotarugao.com.br\/v1\/wp-json\/wp\/v2\/media?parent=140543"}],"wp:term":[{"taxonomy":"category","embeddable":true,"href":"https:\/\/www.blogdotarugao.com.br\/v1\/wp-json\/wp\/v2\/categories?post=140543"},{"taxonomy":"post_tag","embeddable":true,"href":"https:\/\/www.blogdotarugao.com.br\/v1\/wp-json\/wp\/v2\/tags?post=140543"}],"curies":[{"name":"wp","href":"https:\/\/api.w.org\/{rel}","templated":true}]}}