{"id":140552,"date":"2021-06-21T19:01:38","date_gmt":"2021-06-21T22:01:38","guid":{"rendered":"http:\/\/www.blogdotarugao.com.br\/v1\/?p=140552"},"modified":"2021-06-21T19:01:38","modified_gmt":"2021-06-21T22:01:38","slug":"defensoria-publica-do-df-pede-protecao-a-integridade-fisica-de-lazaro-apos-prisao","status":"publish","type":"post","link":"https:\/\/www.blogdotarugao.com.br\/v1\/2021\/06\/21\/defensoria-publica-do-df-pede-protecao-a-integridade-fisica-de-lazaro-apos-prisao\/","title":{"rendered":"DEFENSORIA P\u00daBLICA DO DF PEDE PROTE\u00c7\u00c3O \u00c0 INTEGRIDADE F\u00cdSICA DE L\u00c1ZARO AP\u00d3S PRIS\u00c3O"},"content":{"rendered":"<h3><img loading=\"lazy\" class=\"alignleft\" src=\"https:\/\/i0.statig.com.br\/bancodeimagens\/95\/t8\/gp\/95t8gp1y8ycna4mu4bafcb68c.jpg\" alt=\"Cartaz de procurado de L\u00e1zaro Barbosa\" width=\"580\" height=\"326\" \/><\/h3>\n<h3>RIO \u2014 A Defensoria P\u00fablica do Distrito Federal (DPDF) registrou pedido \u00e0 Vara de Execu\u00e7\u00f5es Penais para que\u00a0<a href=\"https:\/\/oglobo.globo.com\/brasil\/quem-o-criminoso-que-dribla-as-policias-civil-militar-federal-em-fuga-que-ja-dura-seis-dias-entre-df-goias-1-25060087\">L\u00e1zaro Barbosa de Sousa<\/a>\u00a0seja alocado em uma cela individual, separado dos demais detentos, caso seja preso. No documento, ressaltou a necessidade por &#8220;prote\u00e7\u00e3o especial \u00e0 integridade f\u00edsica e mental e a prote\u00e7\u00e3o contra qualquer forma de sensacionalismo e exposi\u00e7\u00e3o vexat\u00f3ria&#8221;.<\/h3>\n<h3>O texto avaliou a &#8220;enorme repercuss\u00e3o nacional&#8221; ao caso e, visando a preservar a vida do assistido, solicitou que o assistido seja alocado em instala\u00e7\u00f5es seguras em caso de pris\u00e3o. O \u00f3rg\u00e3o afirmou esperar que, desta forma, ele seja submetido ao devido processo legal\u201d.<\/h3>\n<h3>Segundo a DPDF, este \u00e9 um pedido \u201ccomum, em casos dessa natureza, tendo por objetivo a garantia do cumprimento da legisla\u00e7\u00e3o vigente ap\u00f3s a eventual captura de L\u00e1zaro\u201d. Em nota, o \u00f3rg\u00e3o afirmou ainda que se \u201csolidariza com as v\u00edtimas dos delitos\u201d e que deseja que as investiga\u00e7\u00f5es sejam conclu\u00eddas \u201ccom a maior celeridade poss\u00edvel\u201d.<\/h3>\n<h3>Confira a nota da Defensoria P\u00fablica do Distrito Federal na \u00edntegra:<\/h3>\n<h3>&#8220;Em aten\u00e7\u00e3o ao pedido de informa\u00e7\u00f5es acerca de manifesta\u00e7\u00e3o subscrita por um de seus membros, solicitando provid\u00eancias \u00e0 Vara de Execu\u00e7\u00f5es Penais no sentido de alocar Lazaro Barbosa de Sousa em cela separada dos demais detentos, registramos que esse pedido \u00e9 comum, em casos dessa natureza, tendo por objetivo a garantia do cumprimento da legisla\u00e7\u00e3o vigente ap\u00f3s a eventual captura de L\u00e1zaro.<\/h3>\n<h3>A Defensoria P\u00fablica do DF, ao tempo que se solidariza com as v\u00edtimas dos delitos, deseja que as investiga\u00e7\u00f5es e buscas sejam bem sucedidas, com a maior celeridade poss\u00edvel, e que nenhuma outra pessoa venha a sofrer risco de vida ou les\u00e3o aos seus direitos.<\/h3>\n<h3>Esperamos que, ap\u00f3s a deten\u00e7\u00e3o do suspeito, sua vida e integridade f\u00edsica sejam protegidas, a fim de que ele seja submetido ao devido processo legal. A Defensoria P\u00fablica do DF encontra-se \u00e0 disposi\u00e7\u00e3o de todos os cidad\u00e3os em situa\u00e7\u00e3o de vulnerabilidade econ\u00f4mica, social e jur\u00eddica, para proteger os seus direitos fundamentais, inclusive v\u00edtimas de crimes.&#8221; ( Yahoo )<\/h3>\n<p><span style=\"color: #0000ff;\">RK<\/span><\/p>\n","protected":false},"excerpt":{"rendered":"<p>RIO \u2014 A Defensoria P\u00fablica do Distrito Federal (DPDF) registrou pedido \u00e0 Vara de Execu\u00e7\u00f5es Penais para que\u00a0L\u00e1zaro Barbosa de Sousa\u00a0seja alocado em uma cela individual, separado dos demais detentos, caso seja preso. No documento, ressaltou a necessidade por &#8220;prote\u00e7\u00e3o especial \u00e0 integridade f\u00edsica e mental e a prote\u00e7\u00e3o contra qualquer forma de sensacionalismo e [&hellip;]<\/p>\n","protected":false},"author":2,"featured_media":0,"comment_status":"open","ping_status":"open","sticky":false,"template":"","format":"standard","meta":{"_links_to":"","_links_to_target":""},"categories":[1],"tags":[],"_links":{"self":[{"href":"https:\/\/www.blogdotarugao.com.br\/v1\/wp-json\/wp\/v2\/posts\/140552"}],"collection":[{"href":"https:\/\/www.blogdotarugao.com.br\/v1\/wp-json\/wp\/v2\/posts"}],"about":[{"href":"https:\/\/www.blogdotarugao.com.br\/v1\/wp-json\/wp\/v2\/types\/post"}],"author":[{"embeddable":true,"href":"https:\/\/www.blogdotarugao.com.br\/v1\/wp-json\/wp\/v2\/users\/2"}],"replies":[{"embeddable":true,"href":"https:\/\/www.blogdotarugao.com.br\/v1\/wp-json\/wp\/v2\/comments?post=140552"}],"version-history":[{"count":1,"href":"https:\/\/www.blogdotarugao.com.br\/v1\/wp-json\/wp\/v2\/posts\/140552\/revisions"}],"predecessor-version":[{"id":140553,"href":"https:\/\/www.blogdotarugao.com.br\/v1\/wp-json\/wp\/v2\/posts\/140552\/revisions\/140553"}],"wp:attachment":[{"href":"https:\/\/www.blogdotarugao.com.br\/v1\/wp-json\/wp\/v2\/media?parent=140552"}],"wp:term":[{"taxonomy":"category","embeddable":true,"href":"https:\/\/www.blogdotarugao.com.br\/v1\/wp-json\/wp\/v2\/categories?post=140552"},{"taxonomy":"post_tag","embeddable":true,"href":"https:\/\/www.blogdotarugao.com.br\/v1\/wp-json\/wp\/v2\/tags?post=140552"}],"curies":[{"name":"wp","href":"https:\/\/api.w.org\/{rel}","templated":true}]}}