{"id":140682,"date":"2021-07-01T18:40:29","date_gmt":"2021-07-01T21:40:29","guid":{"rendered":"http:\/\/www.blogdotarugao.com.br\/v1\/?p=140682"},"modified":"2021-07-01T18:40:29","modified_gmt":"2021-07-01T21:40:29","slug":"sob-choro-da-viuva-corpo-de-lazaro-e-sepultado-em-goias","status":"publish","type":"post","link":"https:\/\/www.blogdotarugao.com.br\/v1\/2021\/07\/01\/sob-choro-da-viuva-corpo-de-lazaro-e-sepultado-em-goias\/","title":{"rendered":"SOB CHORO DA VI\u00daVA, CORPO DE L\u00c1ZARO \u00c9 SEPULTADO EM GOI\u00c1S"},"content":{"rendered":"<h3><img loading=\"lazy\" class=\"\" src=\"https:\/\/midias.correiobraziliense.com.br\/_midias\/jpg\/2021\/07\/01\/675x450\/1_whatsapp_image_2021_07_01_at_16_12_48-6737869.jpeg\" alt=\"Deus cuidou de n\u00f3s at\u00e9 o \u00faltimo momento&amp;quot;, diz mulher de L\u00e1zaro em enterro\" width=\"581\" height=\"387\" \/><\/h3>\n<h3>O corpo de L\u00e1zaro Barbosa de Sousa,\u00a0<strong><a href=\"https:\/\/noticias.r7.com\/cidades\/policia-de-goias-confirma-morte-de-lazaro-durante-operacao-28062021\" target=\"_blank\" rel=\"noopener noreferrer\">morto na \u00faltima segunda-feira (28)<\/a><\/strong>\u00a0ap\u00f3s 20 dias foragido da pol\u00edcia de Goi\u00e1s, foi sepultado na tarde desta quinta-feira (1\u00ba).<\/h3>\n<h3>A cerim\u00f4nia de despedida teve a presen\u00e7a de apenas familiares mais pr\u00f3ximos, mas os pais do homem de 32 anos n\u00e3o foram se despedir.\u00a0O local n\u00e3o foi divulgado a pedidos da fam\u00edlia.<\/h3>\n<h3><img loading=\"lazy\" class=\"\" src=\"https:\/\/uploads.metropoles.com\/wp-content\/uploads\/2021\/07\/01160008\/lazaro6.jpeg\" alt=\"Corpo de L\u00e1zaro \u00e9 enterrado sob forte como\u00e7\u00e3o de familiares em Goi\u00e1s\" width=\"580\" height=\"386\" \/><\/h3>\n<h3>Helen, a esposa de L\u00e1zaro, ficou muito emocionada e, sem parar de chorar, passou os 30 minutos debru\u00e7ada sobre o caix\u00e3o. \u201cObrigada por tudo. Voc\u00ea foi um pai maravilhoso. Eu te amo tanto. N\u00e3o precisava\u201d, dizia ela aos choros.<\/h3>\n<h3>Al\u00e9m de Helen, estiveram presentes no local a filha do casal, Am\u00e9lia (tia de L\u00e1zaro), a sogra do homem e seu cunhado.<\/h3>\n<h3><\/h3>\n<h3>J\u00e1 Luana, a ex-mulher, com quem ele tinha um filho de tr\u00eas anos, optou por n\u00e3o comparecer \u00e0 cerim\u00f4nia por estar gr\u00e1vida de tr\u00eas meses e considerar que o evento seria muito forte para ela.<\/h3>\n<h3>Apesar dos danos causados pelos disparos, L\u00e1zaro estava em um caix\u00e3o aberto e, com a maquiagem, sua apar\u00eancia se assemelhava \u00e0 das fotos pelas quais seu rosto se tornou conhecido no pa\u00eds.<\/h3>\n<h3>O sepultamento foi custeado por Wesley Lacerda, advogado procurado pela fam\u00edlia antes de L\u00e1zaro ser moto, que se compadeceu da situa\u00e7\u00e3o dos familiares. O pagamento foi um acordo entre Lacerda e um dos diretores respons\u00e1veis pela funer\u00e1ria que realizou o servi\u00e7o.<\/h3>\n<h3><img loading=\"lazy\" class=\"\" src=\"https:\/\/img.r7.com\/images\/funerario-lazaro-30062021174043432?dimensions=442x241\" alt=\"Carro funer\u00e1rio que foi buscar corpo de L\u00e1zaro\" width=\"581\" height=\"317\" \/><\/h3>\n<h3>Ao fim da cerim\u00f4nia, Helen agradeceu \u00e0 funer\u00e1ria. Ela pediu que os jornalistas presentes n\u00e3o gravassem imagens do sepultamento. Ningu\u00e9m quis se manifestar.<\/h3>\n<p>RK<\/p>\n","protected":false},"excerpt":{"rendered":"<p>O corpo de L\u00e1zaro Barbosa de Sousa,\u00a0morto na \u00faltima segunda-feira (28)\u00a0ap\u00f3s 20 dias foragido da pol\u00edcia de Goi\u00e1s, foi sepultado na tarde desta quinta-feira (1\u00ba). A cerim\u00f4nia de despedida teve a presen\u00e7a de apenas familiares mais pr\u00f3ximos, mas os pais do homem de 32 anos n\u00e3o foram se despedir.\u00a0O local n\u00e3o foi divulgado a pedidos [&hellip;]<\/p>\n","protected":false},"author":2,"featured_media":0,"comment_status":"open","ping_status":"open","sticky":false,"template":"","format":"standard","meta":{"_links_to":"","_links_to_target":""},"categories":[1],"tags":[],"_links":{"self":[{"href":"https:\/\/www.blogdotarugao.com.br\/v1\/wp-json\/wp\/v2\/posts\/140682"}],"collection":[{"href":"https:\/\/www.blogdotarugao.com.br\/v1\/wp-json\/wp\/v2\/posts"}],"about":[{"href":"https:\/\/www.blogdotarugao.com.br\/v1\/wp-json\/wp\/v2\/types\/post"}],"author":[{"embeddable":true,"href":"https:\/\/www.blogdotarugao.com.br\/v1\/wp-json\/wp\/v2\/users\/2"}],"replies":[{"embeddable":true,"href":"https:\/\/www.blogdotarugao.com.br\/v1\/wp-json\/wp\/v2\/comments?post=140682"}],"version-history":[{"count":1,"href":"https:\/\/www.blogdotarugao.com.br\/v1\/wp-json\/wp\/v2\/posts\/140682\/revisions"}],"predecessor-version":[{"id":140683,"href":"https:\/\/www.blogdotarugao.com.br\/v1\/wp-json\/wp\/v2\/posts\/140682\/revisions\/140683"}],"wp:attachment":[{"href":"https:\/\/www.blogdotarugao.com.br\/v1\/wp-json\/wp\/v2\/media?parent=140682"}],"wp:term":[{"taxonomy":"category","embeddable":true,"href":"https:\/\/www.blogdotarugao.com.br\/v1\/wp-json\/wp\/v2\/categories?post=140682"},{"taxonomy":"post_tag","embeddable":true,"href":"https:\/\/www.blogdotarugao.com.br\/v1\/wp-json\/wp\/v2\/tags?post=140682"}],"curies":[{"name":"wp","href":"https:\/\/api.w.org\/{rel}","templated":true}]}}