{"id":140727,"date":"2021-07-04T19:07:46","date_gmt":"2021-07-04T22:07:46","guid":{"rendered":"http:\/\/www.blogdotarugao.com.br\/v1\/?p=140727"},"modified":"2021-07-05T06:50:55","modified_gmt":"2021-07-05T09:50:55","slug":"covid-19-brasil-tem-maiores-quedas-percentuais-nos-casos-de-morte-do-ano","status":"publish","type":"post","link":"https:\/\/www.blogdotarugao.com.br\/v1\/2021\/07\/04\/covid-19-brasil-tem-maiores-quedas-percentuais-nos-casos-de-morte-do-ano\/","title":{"rendered":"COVID-19: BRASIL TEM MAIORES QUEDAS PERCENTUAIS NOS CASOS DE MORTE DO ANO"},"content":{"rendered":"<h3><img loading=\"lazy\" class=\"wp-image-140728 alignleft\" src=\"http:\/\/www.blogdotarugao.com.br\/v1\/wp-content\/uploads\/2021\/07\/A1-5-600x400.jpg\" alt=\"\" width=\"584\" height=\"389\" srcset=\"https:\/\/www.blogdotarugao.com.br\/v1\/wp-content\/uploads\/2021\/07\/A1-5-600x400.jpg 600w, https:\/\/www.blogdotarugao.com.br\/v1\/wp-content\/uploads\/2021\/07\/A1-5.jpg 680w\" sizes=\"(max-width: 584px) 100vw, 584px\" \/>Os n\u00fameros divulgados pelo\u00a0<strong>Minist\u00e9rio da Sa\u00fade<\/strong>\u00a0neste s\u00e1bado, 3, mostram que o Brasil registrou as maiores quedas percentuais de 2021 nos n\u00fameros de novos diagn\u00f3sticos e mortes por Covid-19 em compara\u00e7\u00e3o com as duas semanas anteriores. Depois de um per\u00edodo com frequentes altas no primeiro semestre do ano, o quadro epidemiol\u00f3gico do pa\u00eds come\u00e7a a apresentar melhoras: a taxa de novos casos apresentada neste s\u00e1bado \u00e9 a menor desde 14 de setembro de 2020, j\u00e1 a de v\u00edtimas \u00e9 a menor desde 11 de novembro do ano passado.<\/h3>\n<h3>O \u00edndice de novos casos foi 30,22% inferior a 14 dias atr\u00e1s. Em 14 de setembro, a queda no per\u00edodo foi de 30,69%. Em rela\u00e7\u00e3o \u00e0s mortes, a redu\u00e7\u00e3o \u00e9 de 25,75%. Em 11 de novembro, o n\u00famero registrado era 25,75% menor que o registrado duas semanas antes<\/h3>\n<h3>A compara\u00e7\u00e3o com duas semanas atr\u00e1s \u00e9 determinada por infectologistas, que fixam a varia\u00e7\u00e3o de 15% como ponto de inflex\u00e3o para que se mude a tend\u00eancia da pandemia para alta ou queda. O Brasil apresenta cen\u00e1rio de queda nos \u00f3bitos desde o \u00faltimo domingo, 27; j\u00e1 os diagn\u00f3sticos est\u00e3o em redu\u00e7\u00e3o h\u00e1 quatro dias, o que mostra que o pa\u00eds est\u00e1 evoluindo positivamente na situa\u00e7\u00e3o pand\u00eamica.<\/h3>\n<h3>Nas \u00faltimas 24h, o Brasil registrou 54.556 novos diagn\u00f3sticos positivos e 1.635 novos \u00f3bitos por Covid-19. Em toda a pandemia, s\u00e3o 18.742.025 contaminados pelo v\u00edrus e 523.587 v\u00edtimas fatais em todo o territ\u00f3rio nacional.<\/h3>\n<h3>Os gr\u00e1ficos abaixo mostram a evolu\u00e7\u00e3o di\u00e1ria da m\u00e9dia m\u00f3vel no Brasil, nas cinco regi\u00f5es geogr\u00e1ficas, nos 26 estados da Federa\u00e7\u00e3o (mais o Distrito Federal) e nas 27 capitais do pa\u00eds. O c\u00e1lculo de m\u00e9dias m\u00f3veis consiste em somar todos os registros dos \u00faltimos sete dias e dividir o total por sete. Assim, \u00e9 poss\u00edvel ter uma vis\u00e3o ampla do atual momento da pandemia.<\/h3>\n<h3><strong>Confira a m\u00e9dia m\u00f3vel da pandemia da\u00a0<a href=\"https:\/\/veja.abril.com.br\/saude\/covid-19-mortes-no-brasil-mais-que-dobram-na-contramao-do-mundo\/\">Covid-19 no Brasil<\/a>, nas cinco regi\u00f5es do pa\u00eds e em todos os Estados:<\/strong><\/h3>\n<p><!--more--><\/p>\n<div id=\"ig-c0f3c4bf-8eae-cb95-4b3f-ffb5267d5ef3\" class=\"infogram-embed\" data-id=\"https:\/\/infogram.com\/1pmj9176j9pxxea3e17ldvxg9phzdwm7jny?live\" data-type=\"interactive\" data-processed=\"1\"><iframe src=\"https:\/\/e.infogr.am\/1pmj9176j9pxxea3e17ldvxg9phzdwm7jny?live?parent_url=https%3A%2F%2Fveja.abril.com.br%2Fsaude%2Fcovid-19-brasil-tem-maiores-quedas-percentuais-nos-casos-e-mortes-do-ano%2F&amp;src=embed#async_embed\" frameborder=\"0\" scrolling=\"no\" allowfullscreen=\"allowfullscreen\" data-mce-fragment=\"1\"><\/iframe><\/div>\n<div id=\"ig-f9e9dcb9-5b5e-b943-a2a9-0731025ea59b\" class=\"infogram-embed\" data-id=\"https:\/\/infogram.com\/1p32wdknenpkpdf0lxrq95rewrsd2wpgx5q?live\" data-type=\"interactive\" data-processed=\"1\"><iframe src=\"https:\/\/e.infogr.am\/1p32wdknenpkpdf0lxrq95rewrsd2wpgx5q?live?parent_url=https%3A%2F%2Fveja.abril.com.br%2Fsaude%2Fcovid-19-brasil-tem-maiores-quedas-percentuais-nos-casos-e-mortes-do-ano%2F&amp;src=embed#async_embed\" frameborder=\"0\" scrolling=\"no\" allowfullscreen=\"allowfullscreen\" data-mce-fragment=\"1\"><\/iframe><\/div>\n<div id=\"ig-b1a4b367-7c5c-35cb-b980-4531ec0fd9e9\" class=\"infogram-embed\" data-id=\"https:\/\/infogram.com\/1pv2p2m51kgp1rax663pk6e2ndarrd7613j?live\" data-type=\"interactive\" data-processed=\"1\"><iframe src=\"https:\/\/e.infogr.am\/1pv2p2m51kgp1rax663pk6e2ndarrd7613j?live?parent_url=https%3A%2F%2Fveja.abril.com.br%2Fsaude%2Fcovid-19-brasil-tem-maiores-quedas-percentuais-nos-casos-e-mortes-do-ano%2F&amp;src=embed#async_embed\" frameborder=\"0\" scrolling=\"no\" allowfullscreen=\"allowfullscreen\" data-mce-fragment=\"1\"><\/iframe><\/div>\n<div id=\"ig-78617516-2a02-af47-8cac-d100996aefaa\" class=\"infogram-embed\" data-id=\"https:\/\/infogram.com\/1pqlnl39l59wlrcqjjmkmej3wea0nrx32zq?live\" data-type=\"interactive\" data-processed=\"1\"><iframe src=\"https:\/\/e.infogr.am\/1pqlnl39l59wlrcqjjmkmej3wea0nrx32zq?live?parent_url=https%3A%2F%2Fveja.abril.com.br%2Fsaude%2Fcovid-19-brasil-tem-maiores-quedas-percentuais-nos-casos-e-mortes-do-ano%2F&amp;src=embed#async_embed\" frameborder=\"0\" scrolling=\"no\" allowfullscreen=\"allowfullscreen\" data-mce-fragment=\"1\"><\/iframe><\/div>\n<div id=\"ig-eae9f5ee-5e6e-0e02-ff68-913797ed788b\" class=\"infogram-embed\" data-id=\"https:\/\/infogram.com\/1p20j2lw5gm6gmt0v517xnqrj9cr7z00nv9?live\" data-type=\"interactive\" data-processed=\"1\"><iframe src=\"https:\/\/e.infogr.am\/1p20j2lw5gm6gmt0v517xnqrj9cr7z00nv9?live?parent_url=https%3A%2F%2Fveja.abril.com.br%2Fsaude%2Fcovid-19-brasil-tem-maiores-quedas-percentuais-nos-casos-e-mortes-do-ano%2F&amp;src=embed#async_embed\" frameborder=\"0\" scrolling=\"no\" allowfullscreen=\"allowfullscreen\" data-mce-fragment=\"1\"><\/iframe><\/div>\n<div id=\"ig-febc9b96-53f6-5ab8-59f1-3f1a23eb9d8c\" class=\"infogram-embed\" data-id=\"https:\/\/infogram.com\/1p679x3q9x7gjlb5lqv1xpx6eju3pyrnnmj?live\" data-type=\"interactive\" data-processed=\"1\"><iframe src=\"https:\/\/e.infogr.am\/1p679x3q9x7gjlb5lqv1xpx6eju3pyrnnmj?live?parent_url=https%3A%2F%2Fveja.abril.com.br%2Fsaude%2Fcovid-19-brasil-tem-maiores-quedas-percentuais-nos-casos-e-mortes-do-ano%2F&amp;src=embed#async_embed\" frameborder=\"0\" scrolling=\"no\" allowfullscreen=\"allowfullscreen\" data-mce-fragment=\"1\"><\/iframe><\/div>\n<p><strong>Confira a m\u00e9dia m\u00f3vel da pandemia da Covid-19 nas 27 capitais brasileiras, separadas em suas regi\u00f5es*:<\/strong><\/p>\n<div id=\"ig-96c19bc5-97d0-9d03-44ae-e96dc67776a6\" class=\"infogram-embed\" data-id=\"https:\/\/infogram.com\/1p37dw5nq7235mu0g5gympvep2udl0v926n?live\" data-type=\"interactive\" data-processed=\"1\"><iframe src=\"https:\/\/e.infogr.am\/1p37dw5nq7235mu0g5gympvep2udl0v926n?live?parent_url=https%3A%2F%2Fveja.abril.com.br%2Fsaude%2Fcovid-19-brasil-tem-maiores-quedas-percentuais-nos-casos-e-mortes-do-ano%2F&amp;src=embed#async_embed\" frameborder=\"0\" scrolling=\"no\" allowfullscreen=\"allowfullscreen\" data-mce-fragment=\"1\"><\/iframe><\/div>\n<div id=\"ig-d4382a63-b1e9-85ce-fdae-172855b8d0b3\" class=\"infogram-embed\" data-id=\"https:\/\/infogram.com\/1pj9d7nj6pqemls6yjykw7rzg1c66vqdkl?live\" data-type=\"interactive\" data-processed=\"1\"><iframe src=\"https:\/\/e.infogr.am\/1pj9d7nj6pqemls6yjykw7rzg1c66vqdkl?live?parent_url=https%3A%2F%2Fveja.abril.com.br%2Fsaude%2Fcovid-19-brasil-tem-maiores-quedas-percentuais-nos-casos-e-mortes-do-ano%2F&amp;src=embed#async_embed\" frameborder=\"0\" scrolling=\"no\" allowfullscreen=\"allowfullscreen\" data-mce-fragment=\"1\"><\/iframe><\/div>\n<div id=\"ig-f424c065-846d-5331-e207-b17b7823d3c3\" class=\"infogram-embed\" data-id=\"https:\/\/infogram.com\/1pjzrvvq6w35d2c670zgjeeyj5smger6jlk?live\" data-type=\"interactive\" data-processed=\"1\"><iframe src=\"https:\/\/e.infogr.am\/1pjzrvvq6w35d2c670zgjeeyj5smger6jlk?live?parent_url=https%3A%2F%2Fveja.abril.com.br%2Fsaude%2Fcovid-19-brasil-tem-maiores-quedas-percentuais-nos-casos-e-mortes-do-ano%2F&amp;src=embed#async_embed\" frameborder=\"0\" scrolling=\"no\" allowfullscreen=\"allowfullscreen\" data-mce-fragment=\"1\"><\/iframe><\/div>\n<div id=\"ig-a777fa13-e523-2a6b-a334-be3786834dca\" class=\"infogram-embed\" data-id=\"https:\/\/infogram.com\/1p55pg71e2wq2xup109eqwqdvjtr3yle07?live\" data-type=\"interactive\" data-processed=\"1\"><iframe src=\"https:\/\/e.infogr.am\/1p55pg71e2wq2xup109eqwqdvjtr3yle07?live?parent_url=https%3A%2F%2Fveja.abril.com.br%2Fsaude%2Fcovid-19-brasil-tem-maiores-quedas-percentuais-nos-casos-e-mortes-do-ano%2F&amp;src=embed#async_embed\" frameborder=\"0\" scrolling=\"no\" allowfullscreen=\"allowfullscreen\" data-mce-fragment=\"1\"><\/iframe><\/div>\n<div id=\"ig-a4da2843-8c72-cb25-0f9b-b2596bb4c3de\" class=\"infogram-embed\" data-id=\"https:\/\/infogram.com\/1p9zg9lek2knrwi75pyj731dyzs3wvmlp3d?live\" data-type=\"interactive\" data-processed=\"1\"><iframe src=\"https:\/\/e.infogr.am\/1p9zg9lek2knrwi75pyj731dyzs3wvmlp3d?live?parent_url=https%3A%2F%2Fveja.abril.com.br%2Fsaude%2Fcovid-19-brasil-tem-maiores-quedas-percentuais-nos-casos-e-mortes-do-ano%2F&amp;src=embed#async_embed\" frameborder=\"0\" scrolling=\"no\" allowfullscreen=\"allowfullscreen\" data-mce-fragment=\"1\"><\/iframe><\/div>\n<div id=\"mais_lidas\" class=\"block related-posts mais-lidas\" data-gtm-vis-recent-on-screen-30084621_151=\"427765\" data-gtm-vis-first-on-screen-30084621_151=\"427765\" data-gtm-vis-total-visible-time-30084621_151=\"100\" data-gtm-vis-has-fired-30084621_151=\"1\" data-gtm-vis-recent-on-screen-30084621_127=\"430485\" data-gtm-vis-first-on-screen-30084621_127=\"430485\" data-gtm-vis-total-visible-time-30084621_127=\"100\" data-gtm-vis-has-fired-30084621_127=\"1\">\n<div id=\"tab-1\" class=\"block-content active\">\n<div class=\"row\">\n<div class=\"col-s-12 col-l-3\"><\/div>\n<\/div>\n<\/div>\n<\/div>\n","protected":false},"excerpt":{"rendered":"<p>Os n\u00fameros divulgados pelo\u00a0Minist\u00e9rio da Sa\u00fade\u00a0neste s\u00e1bado, 3, mostram que o Brasil registrou as maiores quedas percentuais de 2021 nos n\u00fameros de novos diagn\u00f3sticos e mortes por Covid-19 em compara\u00e7\u00e3o com as duas semanas anteriores. Depois de um per\u00edodo com frequentes altas no primeiro semestre do ano, o quadro epidemiol\u00f3gico do pa\u00eds come\u00e7a a apresentar [&hellip;]<\/p>\n","protected":false},"author":2,"featured_media":0,"comment_status":"open","ping_status":"open","sticky":false,"template":"","format":"standard","meta":{"_links_to":"","_links_to_target":""},"categories":[1],"tags":[],"_links":{"self":[{"href":"https:\/\/www.blogdotarugao.com.br\/v1\/wp-json\/wp\/v2\/posts\/140727"}],"collection":[{"href":"https:\/\/www.blogdotarugao.com.br\/v1\/wp-json\/wp\/v2\/posts"}],"about":[{"href":"https:\/\/www.blogdotarugao.com.br\/v1\/wp-json\/wp\/v2\/types\/post"}],"author":[{"embeddable":true,"href":"https:\/\/www.blogdotarugao.com.br\/v1\/wp-json\/wp\/v2\/users\/2"}],"replies":[{"embeddable":true,"href":"https:\/\/www.blogdotarugao.com.br\/v1\/wp-json\/wp\/v2\/comments?post=140727"}],"version-history":[{"count":2,"href":"https:\/\/www.blogdotarugao.com.br\/v1\/wp-json\/wp\/v2\/posts\/140727\/revisions"}],"predecessor-version":[{"id":140748,"href":"https:\/\/www.blogdotarugao.com.br\/v1\/wp-json\/wp\/v2\/posts\/140727\/revisions\/140748"}],"wp:attachment":[{"href":"https:\/\/www.blogdotarugao.com.br\/v1\/wp-json\/wp\/v2\/media?parent=140727"}],"wp:term":[{"taxonomy":"category","embeddable":true,"href":"https:\/\/www.blogdotarugao.com.br\/v1\/wp-json\/wp\/v2\/categories?post=140727"},{"taxonomy":"post_tag","embeddable":true,"href":"https:\/\/www.blogdotarugao.com.br\/v1\/wp-json\/wp\/v2\/tags?post=140727"}],"curies":[{"name":"wp","href":"https:\/\/api.w.org\/{rel}","templated":true}]}}