{"id":140769,"date":"2021-07-06T06:09:44","date_gmt":"2021-07-06T09:09:44","guid":{"rendered":"http:\/\/www.blogdotarugao.com.br\/v1\/?p=140769"},"modified":"2021-07-06T06:09:44","modified_gmt":"2021-07-06T09:09:44","slug":"vacinado-e-com-sintomas-de-covid-saiba-o-que-fazer","status":"publish","type":"post","link":"https:\/\/www.blogdotarugao.com.br\/v1\/2021\/07\/06\/vacinado-e-com-sintomas-de-covid-saiba-o-que-fazer\/","title":{"rendered":"VACINADO E COM SINTOMAS DE COVID? SAIBA O QUE FAZER"},"content":{"rendered":"<h3><img loading=\"lazy\" class=\"alignleft\" src=\"https:\/\/jcconcursos.uol.com.br\/media\/_versions\/noticia\/beneficencia-portuguesa-sao-paulo_widelg.jpg\" alt=\"Hospital Benefic\u00eancia Portuguesa oferece 100 vagas em S\u00e3o Paulo\" width=\"581\" height=\"327\" \/><\/h3>\n<h3>Com mais de <a href=\"https:\/\/noticias.r7.com\/saude\/brasil-supera-100-milhoes-de-vacinas-contra-covid-aplicadas-01072021\" target=\"_blank\" rel=\"noopener noreferrer\"><strong>100 milh\u00f5es de brasileiros vacinados<\/strong><\/a>\u00a0conta a covid-19 com pelo menos uma dose e o coronav\u00edrus circulando intensamente no pa\u00eds, come\u00e7am a aparecer \u2014 como j\u00e1 era esperado \u2014 casos de pessoas imunizadas que desenvolveram a doen\u00e7a.<\/h3>\n<h3>Na segunda-feira (5), a apresentadora\u00a0<a href=\"https:\/\/entretenimento.r7.com\/famosos-e-tv\/ana-maria-braga-e-hospitalizada-apos-diagnostico-de-covid-19-05072021\" target=\"_blank\" rel=\"noopener noreferrer\"><strong>Ana Maria Braga<\/strong><\/a>, de 72 anos, confirmou estar com covid-19, mesmo ap\u00f3s completar o esquema vacinal. Ela relatou sintomas leves, como perda do olfato e um leve mal-estar.<\/h3>\n<h3>A m\u00e9dica infectologista Lina Paola Rodrigues, da BP &#8211; A Benefic\u00eancia Portuguesa de S\u00e3o Paulo, conta que isso tamb\u00e9m aconteceu com ela e ressalta a import\u00e2ncia do teste de covid-19 e do isolamento em caso de resultado que confirme a doen\u00e7a.<\/h3>\n<h3>&#8220;A pessoa vai falar: &#8216;poxa, n\u00e3o vou me livrar de ter que fazer um teste covid?&#8217; N\u00e3o vai, infelizmente, n\u00e3o. N\u00e3o estamos na \u00e9poca ainda para se livrar de ter que se isolar, se tiver sintomas respirat\u00f3rios, coletar um teste RT-PCR. E se for positivo, ficar isolado por 10 dias e seguir as recomenda\u00e7\u00f5es.&#8221;<\/h3>\n<h3>Nesta \u00e9poca de inverno em boa parte do pa\u00eds, \u00e9 comum que outros v\u00edrus que causam resfriado ou gripe circulem com mais frequ\u00eancia. Os sintomas, acrescenta a m\u00e9dica, podem ser confundidos com covid-19, da\u00ed a necessidade de realizar o exame.<\/h3>\n<h3>Uma pessoa vacinada que venha a desenvolver covid-19 leve, por exemplo, e continue a fazer suas atividades normais pode transmitir o v\u00edrus para indiv\u00edduos que ainda n\u00e3o foram vacinados ou a uma parcela da popula\u00e7\u00e3o que \u00e9 imunocomprometida, como transplantados ou pacientes em tratamento de c\u00e2ncer.<\/h3>\n<h3>&#8220;A gente n\u00e3o atingiu mais de 70% da popula\u00e7\u00e3o vacinada. Se ficarmos doentes, mesmo que completamente vacinados, transmitimos o v\u00edrus para uma parcela da popula\u00e7\u00e3o que ainda n\u00e3o est\u00e1 vacinada. N\u00e3o sabemos entre esses n\u00e3o vacinados quem vai evoluir para um quadro grave da doen\u00e7a&#8221;, destaca Lina.<\/h3>\n<h3>Ela conta que em pa\u00edses onde a vacina\u00e7\u00e3o j\u00e1 est\u00e1 mais adiantada, \u00e9 uma realidade que pessoas que j\u00e1 completaram a imuniza\u00e7\u00e3o eventualmente tenham covid-19, e que isso deve se tornar mais frequente aqui no Brasil tamb\u00e9m, tendo em vista que a circula\u00e7\u00e3o do coronav\u00edrus ainda est\u00e1 em n\u00edvel elevado.<\/h3>\n<h3>Lina Paola alerta ainda que quem pegar covid-19 antes da segunda dose deve completar o esquema vacinal ap\u00f3s a cura.<\/h3>\n<h3>&#8220;Eu tomo a vacina hoje, vou demorar, em m\u00e9dia, de 15 a 21 dias para formar a minha primeira resposta imunol\u00f3gica. Essa primeira resposta, vai me proteger de 50% a 74% para casos graves ou morte. Muito provavelmente, se eu tiver covid nessa janela de tr\u00eas meses entre uma dose e a outra, vou ter uma covid leve. Mas eu n\u00e3o estou completamente vacinada. Para eu atingir a m\u00e1xima capacidade dessa vacina me proteger para morte e quadro grave, preciso de duas doses. S\u00f3 com a imunidade natural [da doen\u00e7a], na melhor das hip\u00f3teses, vou ficar 90 dias protegida&#8221;.<\/h3>\n<p>RK<\/p>\n","protected":false},"excerpt":{"rendered":"<p>Com mais de 100 milh\u00f5es de brasileiros vacinados\u00a0conta a covid-19 com pelo menos uma dose e o coronav\u00edrus circulando intensamente no pa\u00eds, come\u00e7am a aparecer \u2014 como j\u00e1 era esperado \u2014 casos de pessoas imunizadas que desenvolveram a doen\u00e7a. Na segunda-feira (5), a apresentadora\u00a0Ana Maria Braga, de 72 anos, confirmou estar com covid-19, mesmo ap\u00f3s [&hellip;]<\/p>\n","protected":false},"author":2,"featured_media":0,"comment_status":"open","ping_status":"open","sticky":false,"template":"","format":"standard","meta":{"_links_to":"","_links_to_target":""},"categories":[1],"tags":[],"_links":{"self":[{"href":"https:\/\/www.blogdotarugao.com.br\/v1\/wp-json\/wp\/v2\/posts\/140769"}],"collection":[{"href":"https:\/\/www.blogdotarugao.com.br\/v1\/wp-json\/wp\/v2\/posts"}],"about":[{"href":"https:\/\/www.blogdotarugao.com.br\/v1\/wp-json\/wp\/v2\/types\/post"}],"author":[{"embeddable":true,"href":"https:\/\/www.blogdotarugao.com.br\/v1\/wp-json\/wp\/v2\/users\/2"}],"replies":[{"embeddable":true,"href":"https:\/\/www.blogdotarugao.com.br\/v1\/wp-json\/wp\/v2\/comments?post=140769"}],"version-history":[{"count":1,"href":"https:\/\/www.blogdotarugao.com.br\/v1\/wp-json\/wp\/v2\/posts\/140769\/revisions"}],"predecessor-version":[{"id":140770,"href":"https:\/\/www.blogdotarugao.com.br\/v1\/wp-json\/wp\/v2\/posts\/140769\/revisions\/140770"}],"wp:attachment":[{"href":"https:\/\/www.blogdotarugao.com.br\/v1\/wp-json\/wp\/v2\/media?parent=140769"}],"wp:term":[{"taxonomy":"category","embeddable":true,"href":"https:\/\/www.blogdotarugao.com.br\/v1\/wp-json\/wp\/v2\/categories?post=140769"},{"taxonomy":"post_tag","embeddable":true,"href":"https:\/\/www.blogdotarugao.com.br\/v1\/wp-json\/wp\/v2\/tags?post=140769"}],"curies":[{"name":"wp","href":"https:\/\/api.w.org\/{rel}","templated":true}]}}