{"id":140855,"date":"2021-07-08T13:41:30","date_gmt":"2021-07-08T16:41:30","guid":{"rendered":"http:\/\/www.blogdotarugao.com.br\/v1\/?p=140855"},"modified":"2021-07-08T14:21:38","modified_gmt":"2021-07-08T17:21:38","slug":"itapetinga-prefeitura-se-reune-com-representantes-de-escolas-particulares-para-debaterem-retorno-as-aulas-presenciais","status":"publish","type":"post","link":"https:\/\/www.blogdotarugao.com.br\/v1\/2021\/07\/08\/itapetinga-prefeitura-se-reune-com-representantes-de-escolas-particulares-para-debaterem-retorno-as-aulas-presenciais\/","title":{"rendered":"ITAPETINGA: PREFEITURA SE RE\u00daNE COM REPRESENTANTES DE ESCOLAS PARTICULARES PARA DEBATEREM RETORNO \u00c0S AULAS PRESENCIAIS"},"content":{"rendered":"<h3><img loading=\"lazy\" class=\"alignleft\" src=\"http:\/\/www.itapetinga.ba.gov.br\/wp-content\/uploads\/2021\/07\/WhatsApp-Image-2021-07-08-at-11.52.32.jpeg\" width=\"585\" height=\"391\" \/><\/h3>\n<h3>Na manh\u00e3 desta quinta-feira, 08, a Prefeitura de Itapetinga reuniu-se com os representantes das escolas particulares para explicar, mais uma vez, que o Governo Municipal n\u00e3o tem autonomia para autorizar o retorno \u00e0s aulas presenciais de escolas de Ensino Fundamental e\/ou Ensino M\u00e9dio.<\/h3>\n<h3>Segundo o secret\u00e1rio de Educa\u00e7\u00e3o, Geraldo Trindade, \u201cessas unidades seguem as determina\u00e7\u00f5es do Conselho Estadual de Educa\u00e7\u00e3o, que inclusive emitiu a delibera\u00e7\u00e3o N\u00ba 01\/2021, informando que, as escolas que descumprirem o decreto governamental podem ter autoriza\u00e7\u00e3o de funcionamento cassada\u201d, disse o secret\u00e1rio.<img loading=\"lazy\" class=\"alignleft\" src=\"http:\/\/www.itapetinga.ba.gov.br\/wp-content\/uploads\/2021\/07\/WhatsApp-Image-2021-07-08-at-08.03.55-640x640.jpeg\" width=\"585\" height=\"585\" \/><\/h3>\n<h3>O governador da Bahia anunciou a possibilidade de retorno \u00e0s aulas das escolas estaduais e particulares em julho, mas ainda n\u00e3o h\u00e1 nenhum decreto as autorizando.<\/h3>\n<h3>O munic\u00edpio de Itapetinga se prepara para, de forma escalonada e com debate democr\u00e1tico, reabrir as escolas com aulas presenciais. Na pr\u00f3xima semana, a secretaria de educa\u00e7\u00e3o ter\u00e1 reuni\u00f5es com a APLB e o Sinditatiba a fim de elaborar um planejamento escalonado, seguro e respons\u00e1vel. \u201cA gente ressalta que todos os nossos profissionais de educa\u00e7\u00e3o receber\u00e3o a segunda dose da vacina entre o final de julho e o in\u00edcio de agosto. Falta pouco para garantirmos maior seguran\u00e7a a todos os envolvidos no processo e assim faremos de forma criteriosa e muito cuidadosa\u201d, esclareceu o secret\u00e1rio.<img loading=\"lazy\" class=\"alignleft\" src=\"http:\/\/www.itapetinga.ba.gov.br\/wp-content\/uploads\/2021\/07\/WhatsApp-Image-2021-07-08-at-11.52.32-2-990x660.jpeg\" width=\"585\" height=\"390\" \/><\/h3>\n<h3>\u201cN\u00f3s entendemos a ang\u00fastia das fam\u00edlias e de toda a comunidade escolar. A not\u00edcia de que alguns munic\u00edpios autorizaram o retorno \u00e0s aulas presenciais, apesar do decreto estadual, causa d\u00favidas e gera pol\u00eamica. Mas n\u00f3s n\u00e3o podemos legislar sobre o que n\u00e3o \u00e9 da nossa compet\u00eancia. Faz\u00ea-lo \u00e9 criar inseguran\u00e7a jur\u00eddica para as escolas, por em risco sua autoriza\u00e7\u00e3o de funcionamento e ir contra as determina\u00e7\u00f5es legais\u201d, explicou o prefeito Rodrigo Hagge ao colocar-se \u00e0 disposi\u00e7\u00e3o de escolas e pais para a constru\u00e7\u00e3o conjunta de um retorno seguro e planejado.<img loading=\"lazy\" class=\"alignleft\" src=\"http:\/\/www.itapetinga.ba.gov.br\/wp-content\/uploads\/2021\/07\/WhatsApp-Image-2021-07-08-at-11.52.32-1.jpeg\" width=\"584\" height=\"389\" \/><\/h3>\n<h3><strong><em>Veja Delibera\u00e7\u00e3o N\u00ba 01\/2021 completa<img loading=\"lazy\" class=\"wp-image-140860 alignleft\" src=\"http:\/\/www.blogdotarugao.com.br\/v1\/wp-content\/uploads\/2021\/07\/A1-26.jpg\" alt=\"\" width=\"585\" height=\"390\" \/><\/em><\/strong><\/h3>\n<h3 class=\"wp-block-file\"><a href=\"http:\/\/www.itapetinga.ba.gov.br\/wp-content\/uploads\/2021\/07\/deliberacao-cONSELHO-eSTADUAL-COVID-ESCOLAS.pdf\">deliberacao-cONSELHO-eSTADUAL-COVID-ESCOLAS <\/a><a class=\"wp-block-file__button\" href=\"http:\/\/www.itapetinga.ba.gov.br\/wp-content\/uploads\/2021\/07\/deliberacao-cONSELHO-eSTADUAL-COVID-ESCOLAS.pdf\" download=\"\">Baixar<\/a><\/h3>\n","protected":false},"excerpt":{"rendered":"<p>Na manh\u00e3 desta quinta-feira, 08, a Prefeitura de Itapetinga reuniu-se com os representantes das escolas particulares para explicar, mais uma vez, que o Governo Municipal n\u00e3o tem autonomia para autorizar o retorno \u00e0s aulas presenciais de escolas de Ensino Fundamental e\/ou Ensino M\u00e9dio. Segundo o secret\u00e1rio de Educa\u00e7\u00e3o, Geraldo Trindade, \u201cessas unidades seguem as determina\u00e7\u00f5es [&hellip;]<\/p>\n","protected":false},"author":2,"featured_media":140856,"comment_status":"open","ping_status":"open","sticky":false,"template":"","format":"standard","meta":{"_links_to":"","_links_to_target":""},"categories":[1],"tags":[],"_links":{"self":[{"href":"https:\/\/www.blogdotarugao.com.br\/v1\/wp-json\/wp\/v2\/posts\/140855"}],"collection":[{"href":"https:\/\/www.blogdotarugao.com.br\/v1\/wp-json\/wp\/v2\/posts"}],"about":[{"href":"https:\/\/www.blogdotarugao.com.br\/v1\/wp-json\/wp\/v2\/types\/post"}],"author":[{"embeddable":true,"href":"https:\/\/www.blogdotarugao.com.br\/v1\/wp-json\/wp\/v2\/users\/2"}],"replies":[{"embeddable":true,"href":"https:\/\/www.blogdotarugao.com.br\/v1\/wp-json\/wp\/v2\/comments?post=140855"}],"version-history":[{"count":4,"href":"https:\/\/www.blogdotarugao.com.br\/v1\/wp-json\/wp\/v2\/posts\/140855\/revisions"}],"predecessor-version":[{"id":140861,"href":"https:\/\/www.blogdotarugao.com.br\/v1\/wp-json\/wp\/v2\/posts\/140855\/revisions\/140861"}],"wp:featuredmedia":[{"embeddable":true,"href":"https:\/\/www.blogdotarugao.com.br\/v1\/wp-json\/wp\/v2\/media\/140856"}],"wp:attachment":[{"href":"https:\/\/www.blogdotarugao.com.br\/v1\/wp-json\/wp\/v2\/media?parent=140855"}],"wp:term":[{"taxonomy":"category","embeddable":true,"href":"https:\/\/www.blogdotarugao.com.br\/v1\/wp-json\/wp\/v2\/categories?post=140855"},{"taxonomy":"post_tag","embeddable":true,"href":"https:\/\/www.blogdotarugao.com.br\/v1\/wp-json\/wp\/v2\/tags?post=140855"}],"curies":[{"name":"wp","href":"https:\/\/api.w.org\/{rel}","templated":true}]}}