{"id":140888,"date":"2021-07-09T19:15:48","date_gmt":"2021-07-09T22:15:48","guid":{"rendered":"http:\/\/www.blogdotarugao.com.br\/v1\/?p=140888"},"modified":"2021-07-09T19:15:48","modified_gmt":"2021-07-09T22:15:48","slug":"campanha-de-vacinacao-imuniza-maiores-de-18-anos-em-palmares","status":"publish","type":"post","link":"https:\/\/www.blogdotarugao.com.br\/v1\/2021\/07\/09\/campanha-de-vacinacao-imuniza-maiores-de-18-anos-em-palmares\/","title":{"rendered":"CAMPANHA DE VACINA\u00c7\u00c3O IMUNIZA MAIORES DE 18 ANOS EM PALMARES"},"content":{"rendered":"<p><img loading=\"lazy\" class=\"\" src=\"http:\/\/www.itapetinga.ba.gov.br\/wp-content\/uploads\/2021\/07\/WhatsApp-Image-2021-07-08-at-09.45.57-3-470x313.jpeg\" width=\"580\" height=\"386\" \/><\/p>\n<h3>A quinta-feira, 08, foi dia de vacina\u00e7\u00e3o em Palmares. A equipe da Secretaria de Sa\u00fade esteve no povoado para imunizar, contra a covid-19, todos os maiores de 18 anos. Al\u00e9m de oferecer as vacinas Astrazeneca e Jansen, contra o coronav\u00edrus, a a\u00e7\u00e3o levou, tamb\u00e9m doses de combate a H1N1, al\u00e9m de promoverem a imuniza\u00e7\u00e3o de rotina e atualiza\u00e7\u00e3o de cart\u00e3o de vacina\u00e7\u00e3o.<\/h3>\n<p><img loading=\"lazy\" class=\"\" src=\"http:\/\/www.itapetinga.ba.gov.br\/wp-content\/uploads\/2021\/07\/WhatsApp-Image-2021-07-08-at-09.45.57-1-470x313.jpeg\" width=\"580\" height=\"386\" \/><\/p>\n<h3>Mais de 300 pessoas foram imunizadas no povoado. \u201cCom isso a gente conseguiu fazer, praticamente, toda a cobertura vacinal do povoado contra a Covid-19, al\u00e9m de concluir a campanha contra a Influenza, que se estendeu para todas as idades e se encerra nesta sexta\u201d, explicou o secret\u00e1rio Hugo Sousa.<\/h3>\n<h3>\u201cA gente segue explicando a import\u00e2ncia da vacina\u00e7\u00e3o. Uma s\u00e9rie de doen\u00e7as graves foram erradicadas no Brasil por causa da imuniza\u00e7\u00e3o. Outras tantas est\u00e3o voltando por conta da desinforma\u00e7\u00e3o e da resist\u00eancia da popula\u00e7\u00e3o ao imunizante. Vacina \u00e9 a melhor forma de preven\u00e7\u00e3o. Cuidem-se\u201d, concluiu, Hugo.<\/h3>\n<p>RK<\/p>\n","protected":false},"excerpt":{"rendered":"<p>A quinta-feira, 08, foi dia de vacina\u00e7\u00e3o em Palmares. A equipe da Secretaria de Sa\u00fade esteve no povoado para imunizar, contra a covid-19, todos os maiores de 18 anos. Al\u00e9m de oferecer as vacinas Astrazeneca e Jansen, contra o coronav\u00edrus, a a\u00e7\u00e3o levou, tamb\u00e9m doses de combate a H1N1, al\u00e9m de promoverem a imuniza\u00e7\u00e3o de [&hellip;]<\/p>\n","protected":false},"author":2,"featured_media":0,"comment_status":"open","ping_status":"open","sticky":false,"template":"","format":"standard","meta":{"_links_to":"","_links_to_target":""},"categories":[1],"tags":[],"_links":{"self":[{"href":"https:\/\/www.blogdotarugao.com.br\/v1\/wp-json\/wp\/v2\/posts\/140888"}],"collection":[{"href":"https:\/\/www.blogdotarugao.com.br\/v1\/wp-json\/wp\/v2\/posts"}],"about":[{"href":"https:\/\/www.blogdotarugao.com.br\/v1\/wp-json\/wp\/v2\/types\/post"}],"author":[{"embeddable":true,"href":"https:\/\/www.blogdotarugao.com.br\/v1\/wp-json\/wp\/v2\/users\/2"}],"replies":[{"embeddable":true,"href":"https:\/\/www.blogdotarugao.com.br\/v1\/wp-json\/wp\/v2\/comments?post=140888"}],"version-history":[{"count":1,"href":"https:\/\/www.blogdotarugao.com.br\/v1\/wp-json\/wp\/v2\/posts\/140888\/revisions"}],"predecessor-version":[{"id":140889,"href":"https:\/\/www.blogdotarugao.com.br\/v1\/wp-json\/wp\/v2\/posts\/140888\/revisions\/140889"}],"wp:attachment":[{"href":"https:\/\/www.blogdotarugao.com.br\/v1\/wp-json\/wp\/v2\/media?parent=140888"}],"wp:term":[{"taxonomy":"category","embeddable":true,"href":"https:\/\/www.blogdotarugao.com.br\/v1\/wp-json\/wp\/v2\/categories?post=140888"},{"taxonomy":"post_tag","embeddable":true,"href":"https:\/\/www.blogdotarugao.com.br\/v1\/wp-json\/wp\/v2\/tags?post=140888"}],"curies":[{"name":"wp","href":"https:\/\/api.w.org\/{rel}","templated":true}]}}