{"id":140943,"date":"2021-07-14T06:34:08","date_gmt":"2021-07-14T09:34:08","guid":{"rendered":"http:\/\/www.blogdotarugao.com.br\/v1\/?p=140943"},"modified":"2021-07-14T06:34:08","modified_gmt":"2021-07-14T09:34:08","slug":"taxa-de-transmissao-da-covid-19-e-a-menor-no-brasil-desde-novembro-de-2020","status":"publish","type":"post","link":"https:\/\/www.blogdotarugao.com.br\/v1\/2021\/07\/14\/taxa-de-transmissao-da-covid-19-e-a-menor-no-brasil-desde-novembro-de-2020\/","title":{"rendered":"TAXA DE TRANSMISS\u00c3O DA COVID-19 \u00c9 A MENOR NO BRASIL DESDE NOVEMBRO DE 2020"},"content":{"rendered":"<div id=\"attachment_140944\" style=\"width: 594px\" class=\"wp-caption alignleft\"><img aria-describedby=\"caption-attachment-140944\" loading=\"lazy\" class=\" wp-image-140944\" src=\"http:\/\/www.blogdotarugao.com.br\/v1\/wp-content\/uploads\/2021\/07\/A1-35.jpg\" alt=\"\" width=\"584\" height=\"433\" \/><p id=\"caption-attachment-140944\" class=\"wp-caption-text\">Vacina\u00e7\u00e3o contra a Covid-19, em Brasilia. S\u00e9rgio Lima\/Poder360 25.01.2021<\/p><\/div>\n<h3>A taxa de transmiss\u00e3o (Rt) da Covid-19 no Brasil caiu para 0,88, segundo levantamento do Imperial College de Londres, atualizado nesta ter\u00e7a-feira. O \u00edndice \u00e9 o menor registrado no pa\u00eds desde 10 de novembro de 2020, quando estava em 0,68. No relat\u00f3rio divulgado na semana passada, o Rt brasileiro estava em 0,91.<\/h3>\n<h3>O \u00edndice atual significa que cada 100 pessoas contaminadas transmitem a doen\u00e7a para outras 88 pessoas. Quando fica abaixo de 1, a taxa de cont\u00e1gio indica tend\u00eancia de estabiliza\u00e7\u00e3o. A taxa de transmiss\u00e3o \u00e9 uma das principais refer\u00eancias para se acompanhar a evolu\u00e7\u00e3o epid\u00eamica do Sars-CoV-2 no pa\u00eds. No entanto, especialistas costumam ponderar que \u00e9 preciso acompanh\u00e1-la por um per\u00edodo prolongado de tempo para avaliar cen\u00e1rios e tend\u00eancias, levando em conta o atraso nas notifica\u00e7\u00f5es e o per\u00edodo de incuba\u00e7\u00e3o do coronav\u00edrus.<\/h3>\n<h3>Por ser uma m\u00e9dia nacional, o Rt tamb\u00e9m n\u00e3o indica que a doen\u00e7a esteja avan\u00e7ando ou retrocedendo da mesma forma nas diversas cidades, estados e regi\u00f5es do Brasil. Al\u00e9m disso, a universidade brit\u00e2nica afirma que a precis\u00e3o das proje\u00e7\u00f5es varia de acordo com a qualidade da vigil\u00e2ncia e dos relat\u00f3rios de cada pa\u00eds.<\/h3>\n<h3>O Imperial College tamb\u00e9m projeta que o Brasil deve registrar 8.900 \u00f3bitos pela Covid-19 nesta semana, uma redu\u00e7\u00e3o em rela\u00e7\u00e3o \u00e0 anterior, quando foram contabilizadas 9.736 mortes pela doen\u00e7a. Dados do boletim do cons\u00f3rcio de ve\u00edculos de imprensa apontam que a m\u00e9dia de mortes pelo coronav\u00edrus est\u00e1 em queda no pa\u00eds.<\/h3>\n<h3>Na segunda-feira, a m\u00e9dia m\u00f3vel foi de 1.297 \u00f3bitos, uma redu\u00e7\u00e3o de 19% em compara\u00e7\u00e3o com o c\u00e1lculo de duas semanas atr\u00e1s. A m\u00e9dia m\u00f3vel de diagn\u00f3sticos positivos foi de 44.705, uma redu\u00e7\u00e3o de 31% em compara\u00e7\u00e3o ao \u00edndice de 14 dias atr\u00e1s, o que tamb\u00e9m demonstra uma tend\u00eancia de queda. A &#8220;m\u00e9dia m\u00f3vel de 7 dias&#8221; leva em contra os n\u00fameros do dia e dos seis anteriores. Ela \u00e9 comparada com a m\u00e9dia de duas semanas atr\u00e1s para indicar se h\u00e1 tend\u00eancia de alta, estabilidade ou queda dos casos ou das mortes.<\/h3>\n<h3>\u00c9 um recurso estat\u00edstico usado para conseguir enxergar a tend\u00eancia dos dados abafando o ru\u00eddo causado pelos finais de semana, quando as notifica\u00e7\u00f5es s\u00e3o reduzidas por escassez de funcion\u00e1rios em plant\u00e3o. As maiores taxas de transmiss\u00e3o da semana estimadas pelo Imperial College foram em Mianmar (Rt 2,21), no Vietn\u00e3 (Rt 1,85) e na Indon\u00e9sia (Rt 1,51).<\/h3>\n<h3>Nos pa\u00edses da Am\u00e9rica do Sul, os \u00edndices est\u00e3o abaixo de 1. Os mais altos foram registrados no Chile (Rt 0,97) e Venezuela (Rt 0,93). J\u00e1 as menores taxas de transmiss\u00e3o da Covid-19 foram identificadas na Espanha (Rt 0,49), B\u00e9lgica (Rt 0,58) e Rom\u00eania (Rt 0,59). Segundo o levantamento da universidade brit\u00e2nica, o mundo registrou, at\u00e9 segunda-feira, dia 12, mais de 186 milh\u00f5es de casos de Covid-19, e mais de 4 milh\u00f5es de \u00f3bitos.<\/h3>\n","protected":false},"excerpt":{"rendered":"<p>A taxa de transmiss\u00e3o (Rt) da Covid-19 no Brasil caiu para 0,88, segundo levantamento do Imperial College de Londres, atualizado nesta ter\u00e7a-feira. O \u00edndice \u00e9 o menor registrado no pa\u00eds desde 10 de novembro de 2020, quando estava em 0,68. No relat\u00f3rio divulgado na semana passada, o Rt brasileiro estava em 0,91. O \u00edndice atual [&hellip;]<\/p>\n","protected":false},"author":2,"featured_media":0,"comment_status":"open","ping_status":"open","sticky":false,"template":"","format":"standard","meta":{"_links_to":"","_links_to_target":""},"categories":[1],"tags":[],"_links":{"self":[{"href":"https:\/\/www.blogdotarugao.com.br\/v1\/wp-json\/wp\/v2\/posts\/140943"}],"collection":[{"href":"https:\/\/www.blogdotarugao.com.br\/v1\/wp-json\/wp\/v2\/posts"}],"about":[{"href":"https:\/\/www.blogdotarugao.com.br\/v1\/wp-json\/wp\/v2\/types\/post"}],"author":[{"embeddable":true,"href":"https:\/\/www.blogdotarugao.com.br\/v1\/wp-json\/wp\/v2\/users\/2"}],"replies":[{"embeddable":true,"href":"https:\/\/www.blogdotarugao.com.br\/v1\/wp-json\/wp\/v2\/comments?post=140943"}],"version-history":[{"count":1,"href":"https:\/\/www.blogdotarugao.com.br\/v1\/wp-json\/wp\/v2\/posts\/140943\/revisions"}],"predecessor-version":[{"id":140945,"href":"https:\/\/www.blogdotarugao.com.br\/v1\/wp-json\/wp\/v2\/posts\/140943\/revisions\/140945"}],"wp:attachment":[{"href":"https:\/\/www.blogdotarugao.com.br\/v1\/wp-json\/wp\/v2\/media?parent=140943"}],"wp:term":[{"taxonomy":"category","embeddable":true,"href":"https:\/\/www.blogdotarugao.com.br\/v1\/wp-json\/wp\/v2\/categories?post=140943"},{"taxonomy":"post_tag","embeddable":true,"href":"https:\/\/www.blogdotarugao.com.br\/v1\/wp-json\/wp\/v2\/tags?post=140943"}],"curies":[{"name":"wp","href":"https:\/\/api.w.org\/{rel}","templated":true}]}}