{"id":140950,"date":"2021-07-14T07:06:24","date_gmt":"2021-07-14T10:06:24","guid":{"rendered":"http:\/\/www.blogdotarugao.com.br\/v1\/?p=140950"},"modified":"2021-07-14T07:06:24","modified_gmt":"2021-07-14T10:06:24","slug":"fundacao-jose-silveira-anuncia-mutirao-de-exames-em-vitoria-da-conquista","status":"publish","type":"post","link":"https:\/\/www.blogdotarugao.com.br\/v1\/2021\/07\/14\/fundacao-jose-silveira-anuncia-mutirao-de-exames-em-vitoria-da-conquista\/","title":{"rendered":"FUNDA\u00c7\u00c3O JOS\u00c9 SILVEIRA ANUNCIA MUTIR\u00c3O DE EXAMES EM VIT\u00d3RIA DA CONQUISTA"},"content":{"rendered":"<h3><img loading=\"lazy\" class=\"wp-image-140951 alignleft\" src=\"http:\/\/www.blogdotarugao.com.br\/v1\/wp-content\/uploads\/2021\/07\/A1-37.jpg\" alt=\"\" width=\"584\" height=\"389\" \/>A Secretaria Municipal de Sa\u00fade est\u00e1 em entendimentos com a Funda\u00e7\u00e3o Jos\u00e9 Silveira (FJS) com vistas \u00e0 realiza\u00e7\u00e3o em Vit\u00f3ria da Conquista de uma a\u00e7\u00e3o de sa\u00fade de grande porte. O assunto foi discutido pela secret\u00e1ria municipal de Sa\u00fade, Ramona Pereira Cerqueira, com o superintendente da FJS, Carlos Dumet, com a participa\u00e7\u00e3o do deputado federal Ant\u00f4nio Brito, na semana passada, em Itapetinga, onde a funda\u00e7\u00e3o realizou uma a\u00e7\u00e3o de sa\u00fade como parte pelas comemora\u00e7\u00f5es dos oito anos em que a FJS est\u00e1 \u00e0 frente da gest\u00e3o do Hospital Cristo Redentor, da cidade vizinha. A Funda\u00e7\u00e3o Jos\u00e9 Silveira conta com oito carretas montadas como consult\u00f3rios e unidades m\u00f3veis de exames de imagem. Segundo a secret\u00e1ria Ramona Cerqueira, o mutir\u00e3o deve acontecer nas pr\u00f3ximas semanas, a depender da disponibilidade da funda\u00e7\u00e3o, que demonstrou interesse na parceria, refor\u00e7ada pelo deputado Ant\u00f4nio Brito. Na a\u00e7\u00e3o, ser\u00e3o realizados, al\u00e9m de consultas ginecol\u00f3gicas, exames de mamografia, eletrocardiograma, Raio-X, ultrassonografia e preventivo.<\/h3>\n","protected":false},"excerpt":{"rendered":"<p>A Secretaria Municipal de Sa\u00fade est\u00e1 em entendimentos com a Funda\u00e7\u00e3o Jos\u00e9 Silveira (FJS) com vistas \u00e0 realiza\u00e7\u00e3o em Vit\u00f3ria da Conquista de uma a\u00e7\u00e3o de sa\u00fade de grande porte. O assunto foi discutido pela secret\u00e1ria municipal de Sa\u00fade, Ramona Pereira Cerqueira, com o superintendente da FJS, Carlos Dumet, com a participa\u00e7\u00e3o do deputado federal [&hellip;]<\/p>\n","protected":false},"author":2,"featured_media":0,"comment_status":"open","ping_status":"open","sticky":false,"template":"","format":"standard","meta":{"_links_to":"","_links_to_target":""},"categories":[1],"tags":[],"_links":{"self":[{"href":"https:\/\/www.blogdotarugao.com.br\/v1\/wp-json\/wp\/v2\/posts\/140950"}],"collection":[{"href":"https:\/\/www.blogdotarugao.com.br\/v1\/wp-json\/wp\/v2\/posts"}],"about":[{"href":"https:\/\/www.blogdotarugao.com.br\/v1\/wp-json\/wp\/v2\/types\/post"}],"author":[{"embeddable":true,"href":"https:\/\/www.blogdotarugao.com.br\/v1\/wp-json\/wp\/v2\/users\/2"}],"replies":[{"embeddable":true,"href":"https:\/\/www.blogdotarugao.com.br\/v1\/wp-json\/wp\/v2\/comments?post=140950"}],"version-history":[{"count":1,"href":"https:\/\/www.blogdotarugao.com.br\/v1\/wp-json\/wp\/v2\/posts\/140950\/revisions"}],"predecessor-version":[{"id":140952,"href":"https:\/\/www.blogdotarugao.com.br\/v1\/wp-json\/wp\/v2\/posts\/140950\/revisions\/140952"}],"wp:attachment":[{"href":"https:\/\/www.blogdotarugao.com.br\/v1\/wp-json\/wp\/v2\/media?parent=140950"}],"wp:term":[{"taxonomy":"category","embeddable":true,"href":"https:\/\/www.blogdotarugao.com.br\/v1\/wp-json\/wp\/v2\/categories?post=140950"},{"taxonomy":"post_tag","embeddable":true,"href":"https:\/\/www.blogdotarugao.com.br\/v1\/wp-json\/wp\/v2\/tags?post=140950"}],"curies":[{"name":"wp","href":"https:\/\/api.w.org\/{rel}","templated":true}]}}