{"id":140953,"date":"2021-07-14T07:41:05","date_gmt":"2021-07-14T10:41:05","guid":{"rendered":"http:\/\/www.blogdotarugao.com.br\/v1\/?p=140953"},"modified":"2021-07-14T07:41:05","modified_gmt":"2021-07-14T10:41:05","slug":"tenente-neves-e-soldado-brito-recebem-homenagens-postumas-em-vitoria-da-conquista","status":"publish","type":"post","link":"https:\/\/www.blogdotarugao.com.br\/v1\/2021\/07\/14\/tenente-neves-e-soldado-brito-recebem-homenagens-postumas-em-vitoria-da-conquista\/","title":{"rendered":"TENENTE NEVES E SOLDADO BRITO RECEBEM HOMENAGENS P\u00d3STUMAS EM VIT\u00d3RIA DA CONQUISTA"},"content":{"rendered":"<article id=\"596891\" class=\"post-596891 post type-post status-publish format-standard has-post-thumbnail hentry category-andersontv category-policia category-vitoria-da-conquista\">\n<div class=\"entry-content\">\n<h3><img loading=\"lazy\" class=\"wp-image-140954 alignleft\" src=\"http:\/\/www.blogdotarugao.com.br\/v1\/wp-content\/uploads\/2021\/07\/A1-38.jpg\" alt=\"\" width=\"584\" height=\"391\" \/>Come\u00e7aram no final da noite da ter\u00e7a-feira (13) e se estendem at\u00e9 a manh\u00e3 desta quarta-feira (14), no 9\u00ba Batalh\u00e3o de Ensino, Instru\u00e7\u00e3o e Capacita\u00e7\u00e3o, os vel\u00f3rios dos corpos dos dois militares lotados na 92\u00aa Companhia Independente de Pol\u00edcia Militar, a Companhia Rural. Eles morreram durante atividade no Distrito de Jos\u00e9 Gon\u00e7alvees, Zona Rural de Vit\u00f3ria da Conquista.<\/h3>\n<h3><iframe loading=\"lazy\" title=\"YouTube video player\" src=\"https:\/\/www.youtube.com\/embed\/X5bZKS-U_9w\" width=\"585\" height=\"360\" frameborder=\"0\" allowfullscreen=\"allowfullscreen\" data-mce-fragment=\"1\"><span data-mce-type=\"bookmark\" style=\"display: inline-block; width: 0px; overflow: hidden; line-height: 0;\" class=\"mce_SELRES_start\">\ufeff<\/span><\/iframe><\/h3>\n<h3>De acordo com a Assessoria de Comunica\u00e7\u00e3o do Comando de Policiamento da Regi\u00e3o Sudoeste da Bahia, o corpo do soldado Robson Brito de Matos, de 30 anos, foi levado para Brumado e depois seguir\u00e1 para o sepultamento em Ibiassuc\u00ea. J\u00e1 o do tenente Luciano Libarino Neves, 34 anos, sair\u00e1 do 9\u00ba BEIC em cortejo para um Cemit\u00e9rio na Zona Rural de Vit\u00f3ria da Conquista, em local e hor\u00e1rio a definir.<\/h3>\n<\/div>\n<\/article>\n<article id=\"596885\" class=\"post-596885 post type-post status-publish format-standard has-post-thumbnail hentry category-policia category-vitoria-da-conquista tag-slide tag-sslide\">\n<div class=\"entry-content\">\n<h3 id=\"attachment_596886\" class=\"relative wp-caption alignleft\" style=\"width: 585px;\"><img loading=\"lazy\" class=\" wp-image-596886 colorbox-596885\" src=\"https:\/\/img.blogdoanderson.com\/2021\/07\/1-DSC_2683-420x270.jpg\" sizes=\"(max-width: 420px) 100vw, 420px\" srcset=\"https:\/\/img.blogdoanderson.com\/2021\/07\/1-DSC_2683-420x270.jpg 420w, https:\/\/img.blogdoanderson.com\/2021\/07\/1-DSC_2683.jpg 640w\" alt=\"\" width=\"585\" height=\"376\" \/>Foto: BLOG DO ANDERSON<\/h3>\n<h3>O BLOG DO ANDERSON noticiou um, mas foram dois baleados no Residencial Vila Bonita, que fica no bairro Ayrton Senna, \u00e0s margens do Anel Rodovi\u00e1rio Jadiel Vieira Matos, na noite desta ter\u00e7a-feira (13). Um deles morreu no local e o outro foi socorrido pelo Servi\u00e7o de Atendimento M\u00f3vel de Urg\u00eancia ao Hospital Geral de Vit\u00f3ria da Conquista. O corpo da v\u00edtima fatal foi removido ao Instituto M\u00e9dico Legal. A 77\u00aa Companhia Independente de Pol\u00edcia Militar, o Departamento de Pol\u00edcia T\u00e9cnica e o Plant\u00e3o Central da Pol\u00edcia Civil registraram a ocorr\u00eancia que ser\u00e1 investigada pela Delegacia de Homic\u00eddio e Prote\u00e7\u00e3o \u00e0 Pessoa.<\/h3>\n<h3>Fonte: <strong>Blog do Anderson<\/strong><\/h3>\n<\/div>\n<\/article>\n","protected":false},"excerpt":{"rendered":"<p>Come\u00e7aram no final da noite da ter\u00e7a-feira (13) e se estendem at\u00e9 a manh\u00e3 desta quarta-feira (14), no 9\u00ba Batalh\u00e3o de Ensino, Instru\u00e7\u00e3o e Capacita\u00e7\u00e3o, os vel\u00f3rios dos corpos dos dois militares lotados na 92\u00aa Companhia Independente de Pol\u00edcia Militar, a Companhia Rural. Eles morreram durante atividade no Distrito de Jos\u00e9 Gon\u00e7alvees, Zona Rural de [&hellip;]<\/p>\n","protected":false},"author":2,"featured_media":140954,"comment_status":"open","ping_status":"open","sticky":false,"template":"","format":"standard","meta":{"_links_to":"","_links_to_target":""},"categories":[1],"tags":[],"_links":{"self":[{"href":"https:\/\/www.blogdotarugao.com.br\/v1\/wp-json\/wp\/v2\/posts\/140953"}],"collection":[{"href":"https:\/\/www.blogdotarugao.com.br\/v1\/wp-json\/wp\/v2\/posts"}],"about":[{"href":"https:\/\/www.blogdotarugao.com.br\/v1\/wp-json\/wp\/v2\/types\/post"}],"author":[{"embeddable":true,"href":"https:\/\/www.blogdotarugao.com.br\/v1\/wp-json\/wp\/v2\/users\/2"}],"replies":[{"embeddable":true,"href":"https:\/\/www.blogdotarugao.com.br\/v1\/wp-json\/wp\/v2\/comments?post=140953"}],"version-history":[{"count":1,"href":"https:\/\/www.blogdotarugao.com.br\/v1\/wp-json\/wp\/v2\/posts\/140953\/revisions"}],"predecessor-version":[{"id":140955,"href":"https:\/\/www.blogdotarugao.com.br\/v1\/wp-json\/wp\/v2\/posts\/140953\/revisions\/140955"}],"wp:featuredmedia":[{"embeddable":true,"href":"https:\/\/www.blogdotarugao.com.br\/v1\/wp-json\/wp\/v2\/media\/140954"}],"wp:attachment":[{"href":"https:\/\/www.blogdotarugao.com.br\/v1\/wp-json\/wp\/v2\/media?parent=140953"}],"wp:term":[{"taxonomy":"category","embeddable":true,"href":"https:\/\/www.blogdotarugao.com.br\/v1\/wp-json\/wp\/v2\/categories?post=140953"},{"taxonomy":"post_tag","embeddable":true,"href":"https:\/\/www.blogdotarugao.com.br\/v1\/wp-json\/wp\/v2\/tags?post=140953"}],"curies":[{"name":"wp","href":"https:\/\/api.w.org\/{rel}","templated":true}]}}