{"id":140963,"date":"2021-07-14T19:08:22","date_gmt":"2021-07-14T22:08:22","guid":{"rendered":"http:\/\/www.blogdotarugao.com.br\/v1\/?p=140963"},"modified":"2021-07-14T19:09:07","modified_gmt":"2021-07-14T22:09:07","slug":"itapetinga-secretario-de-educacao-geraldo-trindade-e-o-entrevistado-do-jornal-da-cidade-na-radio-jornal-nesta-quinta-15-assunto-em-pauta-volta-as-aulas-nas-escolas-particulares-e-rede-municipal","status":"publish","type":"post","link":"https:\/\/www.blogdotarugao.com.br\/v1\/2021\/07\/14\/itapetinga-secretario-de-educacao-geraldo-trindade-e-o-entrevistado-do-jornal-da-cidade-na-radio-jornal-nesta-quinta-15-assunto-em-pauta-volta-as-aulas-nas-escolas-particulares-e-rede-municipal\/","title":{"rendered":"ITAPETINGA: SECRET\u00c1RIO DE EDUCA\u00c7\u00c3O GERALDO TRINDADE \u00c9 O ENTREVISTADO DO JORNAL DA CIDADE NA R\u00c1DIO JORNAL NESTA QUINTA (15). ASSUNTO EM PAUTA: VOLTA \u00c0S AULAS NAS ESCOLAS PARTICULARES E REDE MUNICIPAL"},"content":{"rendered":"<h3><img loading=\"lazy\" class=\"wp-image-140964 alignleft\" src=\"http:\/\/www.blogdotarugao.com.br\/v1\/wp-content\/uploads\/2021\/07\/A1-41.jpg\" alt=\"\" width=\"584\" height=\"366\" \/>O Secret\u00e1rio de Educa\u00e7\u00e3o, Geraldo Trindade ser\u00e1 o entrevistado do Programa Jornal da Cidade, desta quinta-feira (15), que vai ao ar de Segunda \u00e1 sexta-feira de 06:30 \u00e0s 08h pela R\u00e1dio Jornal 660 AM<br \/>\nAssuntos em pauta: <strong>Volta \u00e0s aulas nas escolas particulares e rede municipal<\/strong><br \/>\nVoc\u00ea pode participar atrav\u00e9s dos Fone: (77)3261-1010 que tamb\u00e9m \u00e9 zap.<br \/>\nVoc\u00ea pode tamb\u00e9m mandar seu zap e fazer seu questionamento:\u00a0ZAP\u00a0(77) 98821-2051.<br \/>\nPode tamb\u00e9m acompanhar a Live:\u00a0www.facebook.com\/tarugao.barreira<br \/>\nR\u00e1dio Jornal 660 AM.<\/h3>\n","protected":false},"excerpt":{"rendered":"<p>O Secret\u00e1rio de Educa\u00e7\u00e3o, Geraldo Trindade ser\u00e1 o entrevistado do Programa Jornal da Cidade, desta quinta-feira (15), que vai ao ar de Segunda \u00e1 sexta-feira de 06:30 \u00e0s 08h pela R\u00e1dio Jornal 660 AM Assuntos em pauta: Volta \u00e0s aulas nas escolas particulares e rede municipal Voc\u00ea pode participar atrav\u00e9s dos Fone: (77)3261-1010 que tamb\u00e9m [&hellip;]<\/p>\n","protected":false},"author":2,"featured_media":0,"comment_status":"open","ping_status":"open","sticky":false,"template":"","format":"standard","meta":{"_links_to":"","_links_to_target":""},"categories":[1],"tags":[],"_links":{"self":[{"href":"https:\/\/www.blogdotarugao.com.br\/v1\/wp-json\/wp\/v2\/posts\/140963"}],"collection":[{"href":"https:\/\/www.blogdotarugao.com.br\/v1\/wp-json\/wp\/v2\/posts"}],"about":[{"href":"https:\/\/www.blogdotarugao.com.br\/v1\/wp-json\/wp\/v2\/types\/post"}],"author":[{"embeddable":true,"href":"https:\/\/www.blogdotarugao.com.br\/v1\/wp-json\/wp\/v2\/users\/2"}],"replies":[{"embeddable":true,"href":"https:\/\/www.blogdotarugao.com.br\/v1\/wp-json\/wp\/v2\/comments?post=140963"}],"version-history":[{"count":3,"href":"https:\/\/www.blogdotarugao.com.br\/v1\/wp-json\/wp\/v2\/posts\/140963\/revisions"}],"predecessor-version":[{"id":140967,"href":"https:\/\/www.blogdotarugao.com.br\/v1\/wp-json\/wp\/v2\/posts\/140963\/revisions\/140967"}],"wp:attachment":[{"href":"https:\/\/www.blogdotarugao.com.br\/v1\/wp-json\/wp\/v2\/media?parent=140963"}],"wp:term":[{"taxonomy":"category","embeddable":true,"href":"https:\/\/www.blogdotarugao.com.br\/v1\/wp-json\/wp\/v2\/categories?post=140963"},{"taxonomy":"post_tag","embeddable":true,"href":"https:\/\/www.blogdotarugao.com.br\/v1\/wp-json\/wp\/v2\/tags?post=140963"}],"curies":[{"name":"wp","href":"https:\/\/api.w.org\/{rel}","templated":true}]}}