{"id":140981,"date":"2021-07-15T07:06:36","date_gmt":"2021-07-15T10:06:36","guid":{"rendered":"http:\/\/www.blogdotarugao.com.br\/v1\/?p=140981"},"modified":"2021-07-15T07:06:36","modified_gmt":"2021-07-15T10:06:36","slug":"dj-ivis-e-preso-no-ceara-por-agredir-ex-mulher","status":"publish","type":"post","link":"https:\/\/www.blogdotarugao.com.br\/v1\/2021\/07\/15\/dj-ivis-e-preso-no-ceara-por-agredir-ex-mulher\/","title":{"rendered":"DJ IVIS \u00c9 PRESO NO CEAR\u00c1 POR AGREDIR EX-MULHER"},"content":{"rendered":"<h3><img loading=\"lazy\" class=\"wp-image-140982 alignleft\" src=\"http:\/\/www.blogdotarugao.com.br\/v1\/wp-content\/uploads\/2021\/07\/A1.jpeg\" alt=\"\" width=\"584\" height=\"409\" \/>O governo do Cear\u00e1 anunciou a pris\u00e3o de Iverson de Souza Ara\u00fajo, o DJ Ivis, na tarde desta quarta-feira (14), em Fortaleza (CE), por agress\u00f5es contra a ex-mulher, Pamela Holanda. Segundo o governador do estado, Camilo Santana, a pris\u00e3o preventiva de Ivis foi solicitada pela Pol\u00edcia Civil e pela Justi\u00e7a do Cear\u00e1 ainda nesta tarde. No dia 11 de julho, Pamela divulgou v\u00eddeos que mostram o m\u00fasico dando chutes e socos contra ela.<\/h3>\n<h3>As imagens, gravadas por c\u00e2meras de seguran\u00e7a do apartamento em que os dois moravam, em Fortaleza, mostram Ivis puxando o cabelo, dando socos e chutes na v\u00edtima. Os v\u00eddeos e fotos de hematomas foram publicados por Pamella em um pergil que mant\u00e9m em redes sociais.<\/h3>\n<h3><img loading=\"lazy\" class=\"wp-image-109459 alignleft\" src=\"https:\/\/giroemipiau1.com.br\/wp-content\/uploads\/2021\/07\/csm_agressao-dj-ivis_bb7f76e1b3.jpg\" sizes=\"(max-width: 500px) 100vw, 500px\" srcset=\"https:\/\/giroemipiau1.com.br\/wp-content\/uploads\/2021\/07\/csm_agressao-dj-ivis_bb7f76e1b3.jpg 500w, https:\/\/giroemipiau1.com.br\/wp-content\/uploads\/2021\/07\/csm_agressao-dj-ivis_bb7f76e1b3-300x200.jpg 300w\" alt=\"\" width=\"584\" height=\"389\" \/><\/h3>\n<h3>Tamb\u00e9m pelas redes, DJ Ivis tentou justificar as agress\u00f5es, alegando que a mulher dizia que iria se matar e que n\u00e3o estava mais aguentando as chantagens. A produtora Vybe, que gerencia a carreira do artista, comunicou que ele foi afastado da empresa ap\u00f3s a divulga\u00e7\u00e3o das imagens. Artistas como Solange Almeida, Z\u00e9 Felipe, Z\u00e9 Vaqueiro e Mar\u00edlia Mendon\u00e7a manifestaram apoio \u00e0 Pamella.<\/h3>\n","protected":false},"excerpt":{"rendered":"<p>O governo do Cear\u00e1 anunciou a pris\u00e3o de Iverson de Souza Ara\u00fajo, o DJ Ivis, na tarde desta quarta-feira (14), em Fortaleza (CE), por agress\u00f5es contra a ex-mulher, Pamela Holanda. Segundo o governador do estado, Camilo Santana, a pris\u00e3o preventiva de Ivis foi solicitada pela Pol\u00edcia Civil e pela Justi\u00e7a do Cear\u00e1 ainda nesta tarde. [&hellip;]<\/p>\n","protected":false},"author":2,"featured_media":0,"comment_status":"open","ping_status":"open","sticky":false,"template":"","format":"standard","meta":{"_links_to":"","_links_to_target":""},"categories":[1],"tags":[],"_links":{"self":[{"href":"https:\/\/www.blogdotarugao.com.br\/v1\/wp-json\/wp\/v2\/posts\/140981"}],"collection":[{"href":"https:\/\/www.blogdotarugao.com.br\/v1\/wp-json\/wp\/v2\/posts"}],"about":[{"href":"https:\/\/www.blogdotarugao.com.br\/v1\/wp-json\/wp\/v2\/types\/post"}],"author":[{"embeddable":true,"href":"https:\/\/www.blogdotarugao.com.br\/v1\/wp-json\/wp\/v2\/users\/2"}],"replies":[{"embeddable":true,"href":"https:\/\/www.blogdotarugao.com.br\/v1\/wp-json\/wp\/v2\/comments?post=140981"}],"version-history":[{"count":1,"href":"https:\/\/www.blogdotarugao.com.br\/v1\/wp-json\/wp\/v2\/posts\/140981\/revisions"}],"predecessor-version":[{"id":140983,"href":"https:\/\/www.blogdotarugao.com.br\/v1\/wp-json\/wp\/v2\/posts\/140981\/revisions\/140983"}],"wp:attachment":[{"href":"https:\/\/www.blogdotarugao.com.br\/v1\/wp-json\/wp\/v2\/media?parent=140981"}],"wp:term":[{"taxonomy":"category","embeddable":true,"href":"https:\/\/www.blogdotarugao.com.br\/v1\/wp-json\/wp\/v2\/categories?post=140981"},{"taxonomy":"post_tag","embeddable":true,"href":"https:\/\/www.blogdotarugao.com.br\/v1\/wp-json\/wp\/v2\/tags?post=140981"}],"curies":[{"name":"wp","href":"https:\/\/api.w.org\/{rel}","templated":true}]}}