{"id":140984,"date":"2021-07-15T08:52:45","date_gmt":"2021-07-15T11:52:45","guid":{"rendered":"http:\/\/www.blogdotarugao.com.br\/v1\/?p=140984"},"modified":"2021-07-15T08:52:45","modified_gmt":"2021-07-15T11:52:45","slug":"itapetinga-tenente-nizara-assume-o-comando-do-5o-pelotao-da-8acipm","status":"publish","type":"post","link":"https:\/\/www.blogdotarugao.com.br\/v1\/2021\/07\/15\/itapetinga-tenente-nizara-assume-o-comando-do-5o-pelotao-da-8acipm\/","title":{"rendered":"ITAPETINGA: TENENTE N\u00cdZARA ASSUME O COMANDO DO 5\u00ba PELOT\u00c3O DA 8\u00aaCIPM"},"content":{"rendered":"<h3><img loading=\"lazy\" class=\"alignleft\" src=\"https:\/\/scontent.fgnm3-1.fna.fbcdn.net\/v\/t1.6435-9\/218270757_4570847706267553_3726462018525256157_n.jpg?_nc_cat=108&amp;ccb=1-3&amp;_nc_sid=8bfeb9&amp;_nc_ohc=GpRNdHmUL1EAX_hLAsE&amp;_nc_ht=scontent.fgnm3-1.fna&amp;oh=d2e2f883a2dafcd38595afac91e87434&amp;oe=60F56CE8\" alt=\"Pode ser uma imagem de uma ou mais pessoas e pessoas em p\u00e9\" width=\"585\" height=\"585\" \/><\/h3>\n<h3>Nesta quarta-feira (14\/07) o tenente PM N\u00edzara assumiu o comando do 5\u00ba Pelot\u00e3o da 8\u00aaCIPM, o qual cobre as cidades de Macaran\u00ed, Maiquinique e Itarantim. A assun\u00e7\u00e3o de comando aconteceu na sede do Pelot\u00e3o, em Macaran\u00ed, e contou com a presen\u00e7a do Subcomandante da Unidade, o Capit\u00e3o PM David.<\/h3>\n<h3>O Tenente N\u00edzara ingressou na Pol\u00edcia Militar em 1998, como Soldado, sendo graduando como Sargento em 2011 e em 2019 chegou ao posto de Tenente. Ap\u00f3s sua passagem pela 8\u00aa entre os anos 2000 e 2012, o novo Comandante do 5\u00ba Pelot\u00e3o retornou \u00e0 Unidade recentemente, vindo da 92\u00aa CIPM\/Vit\u00f3ria da Conquista.<\/h3>\n<h3>Durante a assun\u00e7\u00e3o, o Tenente N\u00edzara aproveitou o momento para se reunir e dialogar com o efetivo do Pelot\u00e3o. Logo ap\u00f3s a reuni\u00e3o, o novo Comandante do Pelot\u00e3o se reuniu com a Prefeita de Macaran\u00ed, a senhora Selma Souto, para discutir assuntos relacionados \u00e0 seguran\u00e7a p\u00fablica local.<\/h3>\n<p><img loading=\"lazy\" class=\"alignleft\" src=\"https:\/\/scontent.fgnm3-1.fna.fbcdn.net\/v\/t1.6435-9\/217609888_4570847872934203_7833357801482202538_n.jpg?_nc_cat=107&amp;ccb=1-3&amp;_nc_sid=8bfeb9&amp;_nc_ohc=m_kH92eZoJ0AX_FPmSZ&amp;_nc_ht=scontent.fgnm3-1.fna&amp;oh=ff624df72001b301dfaccbfd17834776&amp;oe=60F496C2\" alt=\"Pode ser uma imagem de uma ou mais pessoas e ao ar livre\" width=\"585\" height=\"585\" \/><\/p>\n<p><img loading=\"lazy\" class=\"alignleft\" src=\"https:\/\/scontent.fgnm3-1.fna.fbcdn.net\/v\/t1.6435-9\/217772588_4570848269600830_4288045919928284722_n.jpg?_nc_cat=104&amp;ccb=1-3&amp;_nc_sid=8bfeb9&amp;_nc_ohc=XMqXa5xOHCYAX-miSsJ&amp;_nc_ht=scontent.fgnm3-1.fna&amp;oh=5592b4bd44da29a8ce0e74ff9cf1bb0c&amp;oe=60F5EC58\" alt=\"Pode ser uma imagem de uma ou mais pessoas, pessoas em p\u00e9 e \u00e1rea interna\" width=\"585\" height=\"585\" \/><\/p>\n<p><img loading=\"lazy\" class=\"alignleft\" src=\"https:\/\/scontent.fgnm3-1.fna.fbcdn.net\/v\/t1.6435-9\/218693532_4570848142934176_3780076373585584396_n.jpg?_nc_cat=103&amp;ccb=1-3&amp;_nc_sid=8bfeb9&amp;_nc_ohc=auQEgWd2q0EAX__TtlO&amp;_nc_ht=scontent.fgnm3-1.fna&amp;oh=7fc9e2c65b6931176314186e6da1f0a6&amp;oe=60F4B7F6\" alt=\"Pode ser uma imagem de 6 pessoas, pessoas em p\u00e9 e uniforme militar\" width=\"589\" height=\"589\" \/><\/p>\n<p>&nbsp;<\/p>\n<p><strong>AF<\/strong><\/p>\n","protected":false},"excerpt":{"rendered":"<p>Nesta quarta-feira (14\/07) o tenente PM N\u00edzara assumiu o comando do 5\u00ba Pelot\u00e3o da 8\u00aaCIPM, o qual cobre as cidades de Macaran\u00ed, Maiquinique e Itarantim. A assun\u00e7\u00e3o de comando aconteceu na sede do Pelot\u00e3o, em Macaran\u00ed, e contou com a presen\u00e7a do Subcomandante da Unidade, o Capit\u00e3o PM David. O Tenente N\u00edzara ingressou na Pol\u00edcia [&hellip;]<\/p>\n","protected":false},"author":2,"featured_media":0,"comment_status":"open","ping_status":"open","sticky":false,"template":"","format":"standard","meta":{"_links_to":"","_links_to_target":""},"categories":[1],"tags":[],"_links":{"self":[{"href":"https:\/\/www.blogdotarugao.com.br\/v1\/wp-json\/wp\/v2\/posts\/140984"}],"collection":[{"href":"https:\/\/www.blogdotarugao.com.br\/v1\/wp-json\/wp\/v2\/posts"}],"about":[{"href":"https:\/\/www.blogdotarugao.com.br\/v1\/wp-json\/wp\/v2\/types\/post"}],"author":[{"embeddable":true,"href":"https:\/\/www.blogdotarugao.com.br\/v1\/wp-json\/wp\/v2\/users\/2"}],"replies":[{"embeddable":true,"href":"https:\/\/www.blogdotarugao.com.br\/v1\/wp-json\/wp\/v2\/comments?post=140984"}],"version-history":[{"count":1,"href":"https:\/\/www.blogdotarugao.com.br\/v1\/wp-json\/wp\/v2\/posts\/140984\/revisions"}],"predecessor-version":[{"id":140985,"href":"https:\/\/www.blogdotarugao.com.br\/v1\/wp-json\/wp\/v2\/posts\/140984\/revisions\/140985"}],"wp:attachment":[{"href":"https:\/\/www.blogdotarugao.com.br\/v1\/wp-json\/wp\/v2\/media?parent=140984"}],"wp:term":[{"taxonomy":"category","embeddable":true,"href":"https:\/\/www.blogdotarugao.com.br\/v1\/wp-json\/wp\/v2\/categories?post=140984"},{"taxonomy":"post_tag","embeddable":true,"href":"https:\/\/www.blogdotarugao.com.br\/v1\/wp-json\/wp\/v2\/tags?post=140984"}],"curies":[{"name":"wp","href":"https:\/\/api.w.org\/{rel}","templated":true}]}}