{"id":140986,"date":"2021-07-15T19:35:12","date_gmt":"2021-07-15T22:35:12","guid":{"rendered":"http:\/\/www.blogdotarugao.com.br\/v1\/?p=140986"},"modified":"2021-07-15T19:35:12","modified_gmt":"2021-07-15T22:35:12","slug":"bolsonaro-diz-que-cirurgia-esta-afastada-e-pode-ter-alta-nesta-sexta-16","status":"publish","type":"post","link":"https:\/\/www.blogdotarugao.com.br\/v1\/2021\/07\/15\/bolsonaro-diz-que-cirurgia-esta-afastada-e-pode-ter-alta-nesta-sexta-16\/","title":{"rendered":"BOLSONARO DIZ QUE CIRURGIA EST\u00c1 AFASTADA E PODE TER ALTA NESTA SEXTA (16)"},"content":{"rendered":"<div class=\"mb-5 mb-lg-6\">\n<header class=\"toolkit-heading\">\n<div class=\"heading-title\">\n<h3 class=\"toolkit-subtitle mt-5\"><img loading=\"lazy\" class=\"wp-image-140987 alignleft\" src=\"http:\/\/www.blogdotarugao.com.br\/v1\/wp-content\/uploads\/2021\/07\/A1-1-600x327.jpeg\" alt=\"\" width=\"585\" height=\"319\" srcset=\"https:\/\/www.blogdotarugao.com.br\/v1\/wp-content\/uploads\/2021\/07\/A1-1-600x327.jpeg 600w, https:\/\/www.blogdotarugao.com.br\/v1\/wp-content\/uploads\/2021\/07\/A1-1.jpeg 677w\" sizes=\"(max-width: 585px) 100vw, 585px\" \/>De acordo com o m\u00e9dico do presidente, a \u00e1rea do intestino em que h\u00e1 a obstru\u00e7\u00e3o est\u00e1 mais perme\u00e1vel e o \u00f3rg\u00e3o voltou a funcionar<\/h3>\n<\/div>\n<\/header>\n<\/div>\n<article class=\"toolkit-media-content\" data-dp6-item=\"articleContainer\" data-url=\"http:\/\/noticias.r7.com\/brasil\/bolsonaro-diz-que-cirurgia-esta-afastada-e-pode-ter-alta-na-sexta-15072021\" data-changing-text-area=\"\" data-content=\"article\">\n<h3>O presidente Jair Bolsonaro afirmou nesta quinta-feira (15) que n\u00e3o ter\u00e1 de fazer cirurgia para resolver o problema de obstru\u00e7\u00e3o intestinal que o levou a ser hospitalizado, e que pode receber alta j\u00e1 na sexta-feira. Ele participou de entrevista \u00e0 RedeTV por v\u00eddeo do hospital onde est\u00e1 internado em S\u00e3o Paulo,<\/h3>\n<h3>A informa\u00e7\u00e3o sobre a n\u00e3o necessidade de uma cirurgia foi confirmada pelo m\u00e9dico do presidente, Antonio Macedo, que estava ao lado de Bolsonaro durante a entrevista concedida ao vivo do quarto do hospital.<\/h3>\n<h3>&#8220;Cheguei aqui ontem com indicativo muito forte de cirurgia, mas a chance de cirurgia agora est\u00e1 bastante afastada&#8221;, disse o presidente, acrescentando que est\u00e1 se sentindo bem.<\/h3>\n<h3>De acordo com Macedo, a \u00e1rea do intestino em que h\u00e1 a obstru\u00e7\u00e3o est\u00e1 mais perme\u00e1vel e o \u00f3rg\u00e3o voltou a funcionar, o que afastou a necessidade de cirurgia.<\/h3>\n<h3>&#8220;O prresidente hoje melhorou. Estamos estudando a retirada da sonda porque os barulhos do abd\u00f4men est\u00e3o bons e ader\u00eancias do lado esquerdo est\u00e3o mais absorvidas. Dieta l\u00edquida ser\u00e1 mantida. Cirurgia est\u00e1 descartada por enquanto porque o intestino come\u00e7ou a funcionar&#8221;, afirmou Macedo.<\/h3>\n<h3>Bolsonaro foi internado na madrugada de quarta-feira no Hospital das For\u00e7as Armadas, em Bras\u00edlia, com fortes dores abdominais, quando foi constatada a obstru\u00e7\u00e3o. Na tarde do mesmo dia foi transferido para S\u00e3o Paulo, a pedido de Macedo, onde est\u00e1 sendo tratado.<\/h3>\n<\/article>\n","protected":false},"excerpt":{"rendered":"<p>De acordo com o m\u00e9dico do presidente, a \u00e1rea do intestino em que h\u00e1 a obstru\u00e7\u00e3o est\u00e1 mais perme\u00e1vel e o \u00f3rg\u00e3o voltou a funcionar O presidente Jair Bolsonaro afirmou nesta quinta-feira (15) que n\u00e3o ter\u00e1 de fazer cirurgia para resolver o problema de obstru\u00e7\u00e3o intestinal que o levou a ser hospitalizado, e que pode [&hellip;]<\/p>\n","protected":false},"author":2,"featured_media":0,"comment_status":"open","ping_status":"open","sticky":false,"template":"","format":"standard","meta":{"_links_to":"","_links_to_target":""},"categories":[1],"tags":[],"_links":{"self":[{"href":"https:\/\/www.blogdotarugao.com.br\/v1\/wp-json\/wp\/v2\/posts\/140986"}],"collection":[{"href":"https:\/\/www.blogdotarugao.com.br\/v1\/wp-json\/wp\/v2\/posts"}],"about":[{"href":"https:\/\/www.blogdotarugao.com.br\/v1\/wp-json\/wp\/v2\/types\/post"}],"author":[{"embeddable":true,"href":"https:\/\/www.blogdotarugao.com.br\/v1\/wp-json\/wp\/v2\/users\/2"}],"replies":[{"embeddable":true,"href":"https:\/\/www.blogdotarugao.com.br\/v1\/wp-json\/wp\/v2\/comments?post=140986"}],"version-history":[{"count":1,"href":"https:\/\/www.blogdotarugao.com.br\/v1\/wp-json\/wp\/v2\/posts\/140986\/revisions"}],"predecessor-version":[{"id":140988,"href":"https:\/\/www.blogdotarugao.com.br\/v1\/wp-json\/wp\/v2\/posts\/140986\/revisions\/140988"}],"wp:attachment":[{"href":"https:\/\/www.blogdotarugao.com.br\/v1\/wp-json\/wp\/v2\/media?parent=140986"}],"wp:term":[{"taxonomy":"category","embeddable":true,"href":"https:\/\/www.blogdotarugao.com.br\/v1\/wp-json\/wp\/v2\/categories?post=140986"},{"taxonomy":"post_tag","embeddable":true,"href":"https:\/\/www.blogdotarugao.com.br\/v1\/wp-json\/wp\/v2\/tags?post=140986"}],"curies":[{"name":"wp","href":"https:\/\/api.w.org\/{rel}","templated":true}]}}