{"id":141017,"date":"2021-07-16T19:16:00","date_gmt":"2021-07-16T22:16:00","guid":{"rendered":"http:\/\/www.blogdotarugao.com.br\/v1\/?p=141017"},"modified":"2021-07-16T19:16:00","modified_gmt":"2021-07-16T22:16:00","slug":"mpf-recomenda-que-bancarios-e-funcionarios-dos-correios-nao-sejam-incluidos-no-grupo-prioritario-de-vacinacao","status":"publish","type":"post","link":"https:\/\/www.blogdotarugao.com.br\/v1\/2021\/07\/16\/mpf-recomenda-que-bancarios-e-funcionarios-dos-correios-nao-sejam-incluidos-no-grupo-prioritario-de-vacinacao\/","title":{"rendered":"MPF RECOMENDA QUE BANC\u00c1RIOS E FUNCION\u00c1RIOS DOS CORREIOS N\u00c3O SEJAM INCLU\u00cdDOS NO GRUPO PRIORIT\u00c1RIO DE VACINA\u00c7\u00c3O"},"content":{"rendered":"<h3><img loading=\"lazy\" class=\"\" src=\"https:\/\/lh3.googleusercontent.com\/proxy\/E9-n0cU9W0t59Xr4_vb5Wik6MlRwHxBjD1pcBLI_m4HaMLQB4S8j2j4MtMQv-cBN__VU-q1CbngodbDs1F2WTeUFUQo0CibnkwuixwCib8yYt9GNSL2lpRaTX8dRkke23xywYHGNqOuwmpzN8O4dqbYleCfiW0cfLlMsr_UvCt8QiZiRQpRw177CD09xvK2RbXlr8ffnkiLbvI1gwSab8TzVTCIaxGHxGDd3E4GJKItBSG2who9GY206x6WZ9-zxS88yrsc_S7Vw\" alt=\"MPF recomenda que banc\u00e1rios e funcion\u00e1rios dos Correios n\u00e3o sejam inclu\u00eddos  no grupo priorit\u00e1rio de vacina\u00e7\u00e3o \u2014 Procuradoria da Rep\u00fablica no Distrito  Federal\" width=\"580\" height=\"386\" \/><\/h3>\n<h3>O Minist\u00e9rio P\u00fablico Federal (MPF) recomendou \u00e0 Secretaria Extraordin\u00e1ria de Enfrentamento da Covid-19, vinculada ao Minist\u00e9rio da Sa\u00fade, n\u00e3o incluir as categorias de banc\u00e1rios e funcion\u00e1rios dos Correios como grupo priorit\u00e1rio no processo de imuniza\u00e7\u00e3o.<\/h3>\n<h3>Segundo o MPF, a pasta deve assegurar o cumprimento do Plano Nacional de Operacionaliza\u00e7\u00e3o da Vacina\u00e7\u00e3o contra a Covid-19, que prev\u00ea o seguimento da campanha segundo o crit\u00e9rio por idade.<\/h3>\n<h3>\u201cA vacina contra covid-19 \u00e9 recurso p\u00fablico escasso, cuja destina\u00e7\u00e3o deve seguir crit\u00e9rios objetivos, de forma a garantir o amplo acesso da popula\u00e7\u00e3o, bem como o uso racional e t\u00e9cnico desse recurso a fim proteger grupos mais vulner\u00e1veis \u00e0 doen\u00e7a\u201d, enfatizou o MPF.<\/h3>\n<h3>Na recomenda\u00e7\u00e3o, o MPF deu prazo de dez dias para que a Secretaria Extraordin\u00e1ria preste informa\u00e7\u00f5es. O \u00f3rg\u00e3o ainda orientou a Secretaria a n\u00e3o acrescentar novos grupos sem a manifesta\u00e7\u00e3o favor\u00e1vel da C\u00e2mara T\u00e9cnica Assessora em Imuniza\u00e7\u00e3o e Doen\u00e7as Transmiss\u00edveis ou outro \u00f3rg\u00e3o que o substitua.<\/h3>\n<h3>A inclus\u00e3o da categoria como p\u00fablico priorit\u00e1rio no Plano Nacional de Operacionaliza\u00e7\u00e3o (PNO)\u00a0<a href=\"https:\/\/www.metro1.com.br\/noticias\/brasil\/109279,publicacao-no-diario-oficial-confirma-bancarios-como-grupo-de-prioridade-na-vacinacao\">foi publicada nesta quinta-feira (15) no Di\u00e1rio Oficial da Uni\u00e3o (DOU)<\/a>. Segundo o presidente do sindicato dos banc\u00e1rios da Bahia, o vereador Augusto Vasconcelos (PCdoB), o secret\u00e1rio estadual de Sa\u00fade, F\u00e1bio Vilas-Boas, confirmou que na \u00faltima reuni\u00e3o da CIB a categoria foi inclu\u00edda no plano. (Metro1)<\/h3>\n<p>RK<\/p>\n","protected":false},"excerpt":{"rendered":"<p>O Minist\u00e9rio P\u00fablico Federal (MPF) recomendou \u00e0 Secretaria Extraordin\u00e1ria de Enfrentamento da Covid-19, vinculada ao Minist\u00e9rio da Sa\u00fade, n\u00e3o incluir as categorias de banc\u00e1rios e funcion\u00e1rios dos Correios como grupo priorit\u00e1rio no processo de imuniza\u00e7\u00e3o. Segundo o MPF, a pasta deve assegurar o cumprimento do Plano Nacional de Operacionaliza\u00e7\u00e3o da Vacina\u00e7\u00e3o contra a Covid-19, que [&hellip;]<\/p>\n","protected":false},"author":2,"featured_media":0,"comment_status":"open","ping_status":"open","sticky":false,"template":"","format":"standard","meta":{"_links_to":"","_links_to_target":""},"categories":[1],"tags":[],"_links":{"self":[{"href":"https:\/\/www.blogdotarugao.com.br\/v1\/wp-json\/wp\/v2\/posts\/141017"}],"collection":[{"href":"https:\/\/www.blogdotarugao.com.br\/v1\/wp-json\/wp\/v2\/posts"}],"about":[{"href":"https:\/\/www.blogdotarugao.com.br\/v1\/wp-json\/wp\/v2\/types\/post"}],"author":[{"embeddable":true,"href":"https:\/\/www.blogdotarugao.com.br\/v1\/wp-json\/wp\/v2\/users\/2"}],"replies":[{"embeddable":true,"href":"https:\/\/www.blogdotarugao.com.br\/v1\/wp-json\/wp\/v2\/comments?post=141017"}],"version-history":[{"count":1,"href":"https:\/\/www.blogdotarugao.com.br\/v1\/wp-json\/wp\/v2\/posts\/141017\/revisions"}],"predecessor-version":[{"id":141018,"href":"https:\/\/www.blogdotarugao.com.br\/v1\/wp-json\/wp\/v2\/posts\/141017\/revisions\/141018"}],"wp:attachment":[{"href":"https:\/\/www.blogdotarugao.com.br\/v1\/wp-json\/wp\/v2\/media?parent=141017"}],"wp:term":[{"taxonomy":"category","embeddable":true,"href":"https:\/\/www.blogdotarugao.com.br\/v1\/wp-json\/wp\/v2\/categories?post=141017"},{"taxonomy":"post_tag","embeddable":true,"href":"https:\/\/www.blogdotarugao.com.br\/v1\/wp-json\/wp\/v2\/tags?post=141017"}],"curies":[{"name":"wp","href":"https:\/\/api.w.org\/{rel}","templated":true}]}}