{"id":141027,"date":"2021-07-19T06:39:45","date_gmt":"2021-07-19T09:39:45","guid":{"rendered":"http:\/\/www.blogdotarugao.com.br\/v1\/?p=141027"},"modified":"2021-07-19T06:39:45","modified_gmt":"2021-07-19T09:39:45","slug":"criminoso-envolvido-na-morte-de-delegado-em-2010-na-ba-e-preso-em-mato-grosso","status":"publish","type":"post","link":"https:\/\/www.blogdotarugao.com.br\/v1\/2021\/07\/19\/criminoso-envolvido-na-morte-de-delegado-em-2010-na-ba-e-preso-em-mato-grosso\/","title":{"rendered":"CRIMINOSO ENVOLVIDO NA MORTE DE DELEGADO EM 2010 NA BA \u00c9 PRESO EM MATO GROSSO"},"content":{"rendered":"<h3><img loading=\"lazy\" class=\"wp-image-141028 alignleft\" src=\"http:\/\/www.blogdotarugao.com.br\/v1\/wp-content\/uploads\/2021\/07\/A.jpg\" alt=\"\" width=\"584\" height=\"412\" \/>Um dos envolvidos no assassinato do delegado da Pol\u00edcia Civil Clayton Le\u00e3o, morto na Bahia em 2010, foi preso na tarde desta sexta-feira (16) em V\u00e1rzea Grande, regi\u00e3o metropolitana de Cuiab\u00e1.<\/h3>\n<h3>Ele foi preso por agentes da For\u00e7a Integrada de Combate ao Crime Organizado (FICCO\/MT). O delegado era titular da 18\u00aa Delegacia de Cama\u00e7ari\/Bahia e chefe do Comando de Opera\u00e7\u00f5es Especiais (COE) daquele estado.<\/h3>\n<h3>O crime gerou como\u00e7\u00e3o por ter sido acompanhado ao vivo, enquanto o delegado no interior de seu ve\u00edculo, dava entrevista ao vivo a uma emissora de r\u00e1dio local, momento em que foi executado com dois tiros na cabe\u00e7a.<\/h3>\n<h3>O criminoso, de alta periculosidade, responde a diversos processos e havia sido condenado por latroc\u00ednio no estado da Bahia.<\/h3>\n<h3>A pris\u00e3o teve o apoio da Delegacia de Repress\u00e3o \u00e0 Corrup\u00e7\u00e3o e ao Crime Organizado (DRACCO) da Pol\u00edcia Civil da Bahia e da Delegacia de Repress\u00e3o a Entorpecentes (DRE) da Pol\u00edcia Civil de Mato Grosso.<\/h3>\n<h3>A FICCO\/MT recebeu informa\u00e7\u00f5es de que o foragido estava em V\u00e1rzea Grande e tinha o objetivo de fugir para Bol\u00edvia.<\/h3>\n<h3>A equipe de policiais identificou e localizou o criminoso, que foi preso e conduzido para a Superintend\u00eancia da Pol\u00edcia Federal e, em seguida, encaminhado ao pres\u00eddio.<\/h3>\n","protected":false},"excerpt":{"rendered":"<p>Um dos envolvidos no assassinato do delegado da Pol\u00edcia Civil Clayton Le\u00e3o, morto na Bahia em 2010, foi preso na tarde desta sexta-feira (16) em V\u00e1rzea Grande, regi\u00e3o metropolitana de Cuiab\u00e1. Ele foi preso por agentes da For\u00e7a Integrada de Combate ao Crime Organizado (FICCO\/MT). O delegado era titular da 18\u00aa Delegacia de Cama\u00e7ari\/Bahia e [&hellip;]<\/p>\n","protected":false},"author":2,"featured_media":0,"comment_status":"open","ping_status":"open","sticky":false,"template":"","format":"standard","meta":{"_links_to":"","_links_to_target":""},"categories":[1],"tags":[],"_links":{"self":[{"href":"https:\/\/www.blogdotarugao.com.br\/v1\/wp-json\/wp\/v2\/posts\/141027"}],"collection":[{"href":"https:\/\/www.blogdotarugao.com.br\/v1\/wp-json\/wp\/v2\/posts"}],"about":[{"href":"https:\/\/www.blogdotarugao.com.br\/v1\/wp-json\/wp\/v2\/types\/post"}],"author":[{"embeddable":true,"href":"https:\/\/www.blogdotarugao.com.br\/v1\/wp-json\/wp\/v2\/users\/2"}],"replies":[{"embeddable":true,"href":"https:\/\/www.blogdotarugao.com.br\/v1\/wp-json\/wp\/v2\/comments?post=141027"}],"version-history":[{"count":1,"href":"https:\/\/www.blogdotarugao.com.br\/v1\/wp-json\/wp\/v2\/posts\/141027\/revisions"}],"predecessor-version":[{"id":141029,"href":"https:\/\/www.blogdotarugao.com.br\/v1\/wp-json\/wp\/v2\/posts\/141027\/revisions\/141029"}],"wp:attachment":[{"href":"https:\/\/www.blogdotarugao.com.br\/v1\/wp-json\/wp\/v2\/media?parent=141027"}],"wp:term":[{"taxonomy":"category","embeddable":true,"href":"https:\/\/www.blogdotarugao.com.br\/v1\/wp-json\/wp\/v2\/categories?post=141027"},{"taxonomy":"post_tag","embeddable":true,"href":"https:\/\/www.blogdotarugao.com.br\/v1\/wp-json\/wp\/v2\/tags?post=141027"}],"curies":[{"name":"wp","href":"https:\/\/api.w.org\/{rel}","templated":true}]}}