{"id":141082,"date":"2021-07-21T06:48:35","date_gmt":"2021-07-21T09:48:35","guid":{"rendered":"http:\/\/www.blogdotarugao.com.br\/v1\/?p=141082"},"modified":"2021-07-21T06:48:35","modified_gmt":"2021-07-21T09:48:35","slug":"bahia-defensoria-lanca-nova-versao-de-cartilha-sobre-abordagem-policial","status":"publish","type":"post","link":"https:\/\/www.blogdotarugao.com.br\/v1\/2021\/07\/21\/bahia-defensoria-lanca-nova-versao-de-cartilha-sobre-abordagem-policial\/","title":{"rendered":"BAHIA: DEFENSORIA LAN\u00c7A NOVA VERS\u00c3O DE CARTILHA SOBRE ABORDAGEM POLICIAL"},"content":{"rendered":"<h3><img loading=\"lazy\" class=\"wp-image-141083 alignleft\" src=\"http:\/\/www.blogdotarugao.com.br\/v1\/wp-content\/uploads\/2021\/07\/A-11.jpg\" alt=\"\" width=\"585\" height=\"409\" \/>A cartilha \u201cO que voc\u00ea precisa saber sobre abordagem policial\u201d, da Defensoria P\u00fablica do Estado da Bahia, lan\u00e7ada em 2019 foi revisada, ampliada e atualizada. O novo documento foi elaborado em parceria com a Pol\u00edcia Militar do Estado da Bahia e a Ouvidoria Geral da DPE\/BA e ser\u00e1 lan\u00e7ado nesta quinta, 21, \u00e0s 10h, em audi\u00eancia p\u00fablica promovida pela Assembleia Legislativa da Bahia \u2013 ALBA e pela C\u00e2mara de Vereadores de Salvador.<\/h3>\n<h3>A cartilha da DPE\/BA pretende difundir o m\u00e1ximo de conhecimento em rela\u00e7\u00e3o aos direitos da popula\u00e7\u00e3o durante uma abordagem, mas tamb\u00e9m sobre quais s\u00e3o suas obriga\u00e7\u00f5es na hora do procedimento. O intuito tamb\u00e9m \u00e9 promover um combate mais efetivo ao preconceito. A quest\u00e3o racial \u00e9 um dos pontos fortes da cartilha, j\u00e1 que os policiais em muitas situa\u00e7\u00f5es costumam ser tanto agentes quanto v\u00edtimas.<\/h3>\n<h3>\u201cDesde que o coronel Paulo Coutinho assumiu o comando da PM-BA n\u00f3s temos realizado reuni\u00f5es para tratar de v\u00e1rios assuntos. Dentro dos temas estava a revis\u00e3o da cartilha de abordagem policial em que, com um di\u00e1logo constante e aberto, sempre de forma propositiva, o coronel destacou representantes da Pol\u00edcia Militar para que acompanhassem a revis\u00e3o do material\u201d, apontou a defensora p\u00fablica Eva Rodrigues, coordenadora de Direitos Humanos da Defensoria. O evento de lan\u00e7amento ser\u00e1 transmitido ao vivo pelos canais oficiais da TV ALBA e TV C\u00e2mara.<\/h3>\n","protected":false},"excerpt":{"rendered":"<p>A cartilha \u201cO que voc\u00ea precisa saber sobre abordagem policial\u201d, da Defensoria P\u00fablica do Estado da Bahia, lan\u00e7ada em 2019 foi revisada, ampliada e atualizada. O novo documento foi elaborado em parceria com a Pol\u00edcia Militar do Estado da Bahia e a Ouvidoria Geral da DPE\/BA e ser\u00e1 lan\u00e7ado nesta quinta, 21, \u00e0s 10h, em [&hellip;]<\/p>\n","protected":false},"author":2,"featured_media":0,"comment_status":"open","ping_status":"open","sticky":false,"template":"","format":"standard","meta":{"_links_to":"","_links_to_target":""},"categories":[1],"tags":[],"_links":{"self":[{"href":"https:\/\/www.blogdotarugao.com.br\/v1\/wp-json\/wp\/v2\/posts\/141082"}],"collection":[{"href":"https:\/\/www.blogdotarugao.com.br\/v1\/wp-json\/wp\/v2\/posts"}],"about":[{"href":"https:\/\/www.blogdotarugao.com.br\/v1\/wp-json\/wp\/v2\/types\/post"}],"author":[{"embeddable":true,"href":"https:\/\/www.blogdotarugao.com.br\/v1\/wp-json\/wp\/v2\/users\/2"}],"replies":[{"embeddable":true,"href":"https:\/\/www.blogdotarugao.com.br\/v1\/wp-json\/wp\/v2\/comments?post=141082"}],"version-history":[{"count":1,"href":"https:\/\/www.blogdotarugao.com.br\/v1\/wp-json\/wp\/v2\/posts\/141082\/revisions"}],"predecessor-version":[{"id":141084,"href":"https:\/\/www.blogdotarugao.com.br\/v1\/wp-json\/wp\/v2\/posts\/141082\/revisions\/141084"}],"wp:attachment":[{"href":"https:\/\/www.blogdotarugao.com.br\/v1\/wp-json\/wp\/v2\/media?parent=141082"}],"wp:term":[{"taxonomy":"category","embeddable":true,"href":"https:\/\/www.blogdotarugao.com.br\/v1\/wp-json\/wp\/v2\/categories?post=141082"},{"taxonomy":"post_tag","embeddable":true,"href":"https:\/\/www.blogdotarugao.com.br\/v1\/wp-json\/wp\/v2\/tags?post=141082"}],"curies":[{"name":"wp","href":"https:\/\/api.w.org\/{rel}","templated":true}]}}