{"id":141097,"date":"2021-07-21T18:18:24","date_gmt":"2021-07-21T21:18:24","guid":{"rendered":"http:\/\/www.blogdotarugao.com.br\/v1\/?p=141097"},"modified":"2021-07-21T18:18:24","modified_gmt":"2021-07-21T21:18:24","slug":"vice-prefeito-renan-pereira-sera-o-entrevistado-do-jornal-da-cidade-na-jornal-am-660-na-manha-desta-quinta-22","status":"publish","type":"post","link":"https:\/\/www.blogdotarugao.com.br\/v1\/2021\/07\/21\/vice-prefeito-renan-pereira-sera-o-entrevistado-do-jornal-da-cidade-na-jornal-am-660-na-manha-desta-quinta-22\/","title":{"rendered":"VICE-PREFEITO RENAN PEREIRA SER\u00c1 O ENTREVISTADO DO JORNAL DA CIDADE NA JORNAL AM 660 NA MANH\u00c3 DESTA QUINTA (22)"},"content":{"rendered":"<h3><img loading=\"lazy\" class=\"wp-image-141098 alignleft\" src=\"http:\/\/www.blogdotarugao.com.br\/v1\/wp-content\/uploads\/2021\/07\/A-13-598x600.jpg\" alt=\"\" width=\"585\" height=\"587\" srcset=\"https:\/\/www.blogdotarugao.com.br\/v1\/wp-content\/uploads\/2021\/07\/A-13-598x600.jpg 598w, https:\/\/www.blogdotarugao.com.br\/v1\/wp-content\/uploads\/2021\/07\/A-13-200x200.jpg 200w, https:\/\/www.blogdotarugao.com.br\/v1\/wp-content\/uploads\/2021\/07\/A-13.jpg 600w\" sizes=\"(max-width: 585px) 100vw, 585px\" \/>Na manh\u00e3 desta quarta (16) 0 Vice-Prefeito do munic\u00edpio de Itapetinga, a Capital Baiana da Pecu\u00e1ria, Renan Pereira ser\u00e1 o entrevistado do Programa Jornal da Cidade, que vai ao Ar de Segunda \u00e1 sexta-feira de 06:30h \u00e0s 08h pela R\u00e1dio Jornal 660 AM<\/h3>\n<h3>Ser\u00e3o v\u00e1rios assuntos em pauta, entre os principais, est\u00e3o:<\/h3>\n<h3>*A avalia\u00e7\u00e3o da\u00a0 primeira gest\u00e3o <span style=\"color: #0000ff;\">RR<\/span><\/h3>\n<h3>*<span style=\"color: #0000ff;\">ACM Neto<\/span> ser\u00e1 candidato ao Governo do Estado?<\/h3>\n<h3>*Como o Partido Democratas tem se organizado em Itapetinga para apoiar <span style=\"color: #0000ff;\">Neto<\/span> em 2022<\/h3>\n<h3>Voc\u00ea pode ligar e participar pelos fones: (77) 3261\u20131010 ou (77) 98821-2051 que tamb\u00e9m \u00e9 Zap.<\/h3>\n<h3>Fique Ligado! Jornal da Cidade a partir das 06:30hs na sua\u00a0R\u00e1dio Jornal 660 AM<\/h3>\n","protected":false},"excerpt":{"rendered":"<p>Na manh\u00e3 desta quarta (16) 0 Vice-Prefeito do munic\u00edpio de Itapetinga, a Capital Baiana da Pecu\u00e1ria, Renan Pereira ser\u00e1 o entrevistado do Programa Jornal da Cidade, que vai ao Ar de Segunda \u00e1 sexta-feira de 06:30h \u00e0s 08h pela R\u00e1dio Jornal 660 AM Ser\u00e3o v\u00e1rios assuntos em pauta, entre os principais, est\u00e3o: *A avalia\u00e7\u00e3o da\u00a0 [&hellip;]<\/p>\n","protected":false},"author":2,"featured_media":0,"comment_status":"open","ping_status":"open","sticky":false,"template":"","format":"standard","meta":{"_links_to":"","_links_to_target":""},"categories":[1],"tags":[],"_links":{"self":[{"href":"https:\/\/www.blogdotarugao.com.br\/v1\/wp-json\/wp\/v2\/posts\/141097"}],"collection":[{"href":"https:\/\/www.blogdotarugao.com.br\/v1\/wp-json\/wp\/v2\/posts"}],"about":[{"href":"https:\/\/www.blogdotarugao.com.br\/v1\/wp-json\/wp\/v2\/types\/post"}],"author":[{"embeddable":true,"href":"https:\/\/www.blogdotarugao.com.br\/v1\/wp-json\/wp\/v2\/users\/2"}],"replies":[{"embeddable":true,"href":"https:\/\/www.blogdotarugao.com.br\/v1\/wp-json\/wp\/v2\/comments?post=141097"}],"version-history":[{"count":1,"href":"https:\/\/www.blogdotarugao.com.br\/v1\/wp-json\/wp\/v2\/posts\/141097\/revisions"}],"predecessor-version":[{"id":141099,"href":"https:\/\/www.blogdotarugao.com.br\/v1\/wp-json\/wp\/v2\/posts\/141097\/revisions\/141099"}],"wp:attachment":[{"href":"https:\/\/www.blogdotarugao.com.br\/v1\/wp-json\/wp\/v2\/media?parent=141097"}],"wp:term":[{"taxonomy":"category","embeddable":true,"href":"https:\/\/www.blogdotarugao.com.br\/v1\/wp-json\/wp\/v2\/categories?post=141097"},{"taxonomy":"post_tag","embeddable":true,"href":"https:\/\/www.blogdotarugao.com.br\/v1\/wp-json\/wp\/v2\/tags?post=141097"}],"curies":[{"name":"wp","href":"https:\/\/api.w.org\/{rel}","templated":true}]}}