{"id":141100,"date":"2021-07-21T18:32:20","date_gmt":"2021-07-21T21:32:20","guid":{"rendered":"http:\/\/www.blogdotarugao.com.br\/v1\/?p=141100"},"modified":"2021-07-21T18:39:33","modified_gmt":"2021-07-21T21:39:33","slug":"carmem-lucia-nega-obrigar-analise-de-impeachment-de-bolsonaro","status":"publish","type":"post","link":"https:\/\/www.blogdotarugao.com.br\/v1\/2021\/07\/21\/carmem-lucia-nega-obrigar-analise-de-impeachment-de-bolsonaro\/","title":{"rendered":"C\u00c1RMEM L\u00daCIA NEGA OBRIGAR AN\u00c1LISE DE IMPEACHMENT DE BOLSONARO"},"content":{"rendered":"<div class=\"mb-5 mb-lg-6\">\n<header class=\"toolkit-heading\">\n<div class=\"heading-title\">\n<h3 class=\"toolkit-subtitle mt-5\"><img loading=\"lazy\" class=\"wp-image-141101 alignleft\" src=\"http:\/\/www.blogdotarugao.com.br\/v1\/wp-content\/uploads\/2021\/07\/A-14.jpg\" alt=\"\" width=\"585\" height=\"319\" \/>Pedido havia sido feito sob alega\u00e7\u00e3o de que presidente da C\u00e2mara, Arthur Lira, estava retardando propositadamente a an\u00e1lise<\/h3>\n<\/div>\n<\/header>\n<\/div>\n<article class=\"toolkit-media-content\" data-dp6-item=\"articleContainer\" data-url=\"http:\/\/noticias.r7.com\/brasil\/carmen-lucia-nega-obrigar-analise-de-impeachment-de-bolsonaro-21072021\" data-changing-text-area=\"\" data-content=\"article\">\n<h3>A\u00a0<a href=\"https:\/\/noticias.r7.com\/brasil\/carmen-lucia-da-5-dias-para-lira-se-manifestar-sobre-impeachment-16042021\"><strong>ministra C\u00e1rmen L\u00facia, do STF<\/strong><\/a>\u00a0(Supremo Tribunal Federal), negou pedido para que o presidente da C\u00e2mara dos Deputados, Arthur Lira (PP-AL), analisasse impeachment do presidente Jair Bolsonaro. O requerimento foi feito pelos petistas Fernando Haddad, ex-ministro da Educa\u00e7\u00e3o e ex-prefeito de S\u00e3o Paulo, e Rui Falc\u00e3o, deputado federal e ex-presidente do partido, em mandado de seguran\u00e7a impetrado em maio de 2020.<\/h3>\n<h3>&#8220;Sem comprova\u00e7\u00e3o dos requisitos constitucionais e legais para o seu processamento v\u00e1lido n\u00e3o h\u00e1 como dar seguimento regular ao presente mandado de seguran\u00e7a, faltante demonstra\u00e7\u00e3o de direito subjetivo, l\u00edquido e certo dos impetrantes ao comportamento buscado e a ser imposto e de ato omissivo da autoridade apontada como coatora&#8221;, argumentou a ministra na decis\u00e3o.<\/h3>\n<h3>\u00a0A alega\u00e7\u00e3o dos petistas era de que Lira estava retardando propositadamente a an\u00e1lise dos pedidos. Em sua decis\u00e3o, a ministra afirma n\u00e3o existir norma que assegure a &#8220;pretens\u00e3o de processamento autom\u00e1tico ou com prazo estabelecido sobre processamento de pedido de impeachment&#8221;. Por isso, diz ela, a alegada demora na aprecia\u00e7\u00e3o e no encaminhamento da den\u00fancia apresentada &#8220;n\u00e3o se afirma como direito dos seus autores, por mais numeroso que seja o n\u00famero de subscritores e de ineg\u00e1vel peso c\u00edvico&#8221;.<\/h3>\n<\/article>\n","protected":false},"excerpt":{"rendered":"<p>Pedido havia sido feito sob alega\u00e7\u00e3o de que presidente da C\u00e2mara, Arthur Lira, estava retardando propositadamente a an\u00e1lise A\u00a0ministra C\u00e1rmen L\u00facia, do STF\u00a0(Supremo Tribunal Federal), negou pedido para que o presidente da C\u00e2mara dos Deputados, Arthur Lira (PP-AL), analisasse impeachment do presidente Jair Bolsonaro. O requerimento foi feito pelos petistas Fernando Haddad, ex-ministro da Educa\u00e7\u00e3o [&hellip;]<\/p>\n","protected":false},"author":2,"featured_media":0,"comment_status":"open","ping_status":"open","sticky":false,"template":"","format":"standard","meta":{"_links_to":"","_links_to_target":""},"categories":[1],"tags":[],"_links":{"self":[{"href":"https:\/\/www.blogdotarugao.com.br\/v1\/wp-json\/wp\/v2\/posts\/141100"}],"collection":[{"href":"https:\/\/www.blogdotarugao.com.br\/v1\/wp-json\/wp\/v2\/posts"}],"about":[{"href":"https:\/\/www.blogdotarugao.com.br\/v1\/wp-json\/wp\/v2\/types\/post"}],"author":[{"embeddable":true,"href":"https:\/\/www.blogdotarugao.com.br\/v1\/wp-json\/wp\/v2\/users\/2"}],"replies":[{"embeddable":true,"href":"https:\/\/www.blogdotarugao.com.br\/v1\/wp-json\/wp\/v2\/comments?post=141100"}],"version-history":[{"count":1,"href":"https:\/\/www.blogdotarugao.com.br\/v1\/wp-json\/wp\/v2\/posts\/141100\/revisions"}],"predecessor-version":[{"id":141102,"href":"https:\/\/www.blogdotarugao.com.br\/v1\/wp-json\/wp\/v2\/posts\/141100\/revisions\/141102"}],"wp:attachment":[{"href":"https:\/\/www.blogdotarugao.com.br\/v1\/wp-json\/wp\/v2\/media?parent=141100"}],"wp:term":[{"taxonomy":"category","embeddable":true,"href":"https:\/\/www.blogdotarugao.com.br\/v1\/wp-json\/wp\/v2\/categories?post=141100"},{"taxonomy":"post_tag","embeddable":true,"href":"https:\/\/www.blogdotarugao.com.br\/v1\/wp-json\/wp\/v2\/tags?post=141100"}],"curies":[{"name":"wp","href":"https:\/\/api.w.org\/{rel}","templated":true}]}}