{"id":141132,"date":"2021-07-23T17:32:46","date_gmt":"2021-07-23T20:32:46","guid":{"rendered":"http:\/\/www.blogdotarugao.com.br\/v1\/?p=141132"},"modified":"2021-07-23T17:32:46","modified_gmt":"2021-07-23T20:32:46","slug":"itapetinga-comeca-a-vacinar-populacao-em-situacao-de-rua","status":"publish","type":"post","link":"https:\/\/www.blogdotarugao.com.br\/v1\/2021\/07\/23\/itapetinga-comeca-a-vacinar-populacao-em-situacao-de-rua\/","title":{"rendered":"ITAPETINGA COME\u00c7A A VACINAR POPULA\u00c7\u00c3O EM SITUA\u00c7\u00c3O DE RUA"},"content":{"rendered":"<h3><img loading=\"lazy\" class=\"\" src=\"http:\/\/www.itapetinga.ba.gov.br\/wp-content\/uploads\/2021\/07\/WhatsApp-Image-2021-07-22-at-23.08.26.jpeg\" width=\"580\" height=\"509\" \/><\/h3>\n<h3>Itapetinga come\u00e7ou a vacinar a popula\u00e7\u00e3o em situa\u00e7\u00e3o de rua, contra a Covid-19, nesta quinta-feira, 22, com doses da Janssen.<\/h3>\n<h3>\u201cComo a vacina Janssen \u00e9 dose \u00fanica, esse p\u00fablico j\u00e1 fica imunizado na primeira busca ativa. Isso \u00e9 muito importante, pois essas pessoas n\u00e3o costumam ir aos postos para tomar a segunda dose da vacina na data indicada. Alguns perdem o cart\u00e3o, outros se recusam a vacinar novamente\u201d, disse a Diretora de Vigil\u00e2ncia \u00e0 Sa\u00fade, Karen Almeida.<\/h3>\n<h3>A vacina\u00e7\u00e3o aconteceu em parceria com a Secretaria de Desenvolvimento Social, durante a distribui\u00e7\u00e3o do almo\u00e7o \u00e0 popula\u00e7\u00e3o em situa\u00e7\u00e3o de rua. Catorze pessoas foram imunizadas. A busca continua na segunda-feira, 26, quando o munic\u00edpio pretende finalizar a vacina\u00e7\u00e3o deste p\u00fablico que conta com cerca de 30 pessoas.<\/h3>\n<h3>\u201cSeguimos buscando formas de acelerar a campanha, aproximar a vacina da popula\u00e7\u00e3o, conscientizar a todos sobre a import\u00e2ncia da imuniza\u00e7\u00e3o, que s\u00f3 se concretiza com a segunda dose na maioria dos casos. Temos certeza que, muito em breve, venceremos a pandemia\u201d, afirmou o secret\u00e1rio de sa\u00fade, Hugo Sousa.<\/h3>\n<p>RK<\/p>\n","protected":false},"excerpt":{"rendered":"<p>Itapetinga come\u00e7ou a vacinar a popula\u00e7\u00e3o em situa\u00e7\u00e3o de rua, contra a Covid-19, nesta quinta-feira, 22, com doses da Janssen. \u201cComo a vacina Janssen \u00e9 dose \u00fanica, esse p\u00fablico j\u00e1 fica imunizado na primeira busca ativa. Isso \u00e9 muito importante, pois essas pessoas n\u00e3o costumam ir aos postos para tomar a segunda dose da vacina [&hellip;]<\/p>\n","protected":false},"author":2,"featured_media":0,"comment_status":"open","ping_status":"open","sticky":false,"template":"","format":"standard","meta":{"_links_to":"","_links_to_target":""},"categories":[1],"tags":[],"_links":{"self":[{"href":"https:\/\/www.blogdotarugao.com.br\/v1\/wp-json\/wp\/v2\/posts\/141132"}],"collection":[{"href":"https:\/\/www.blogdotarugao.com.br\/v1\/wp-json\/wp\/v2\/posts"}],"about":[{"href":"https:\/\/www.blogdotarugao.com.br\/v1\/wp-json\/wp\/v2\/types\/post"}],"author":[{"embeddable":true,"href":"https:\/\/www.blogdotarugao.com.br\/v1\/wp-json\/wp\/v2\/users\/2"}],"replies":[{"embeddable":true,"href":"https:\/\/www.blogdotarugao.com.br\/v1\/wp-json\/wp\/v2\/comments?post=141132"}],"version-history":[{"count":1,"href":"https:\/\/www.blogdotarugao.com.br\/v1\/wp-json\/wp\/v2\/posts\/141132\/revisions"}],"predecessor-version":[{"id":141133,"href":"https:\/\/www.blogdotarugao.com.br\/v1\/wp-json\/wp\/v2\/posts\/141132\/revisions\/141133"}],"wp:attachment":[{"href":"https:\/\/www.blogdotarugao.com.br\/v1\/wp-json\/wp\/v2\/media?parent=141132"}],"wp:term":[{"taxonomy":"category","embeddable":true,"href":"https:\/\/www.blogdotarugao.com.br\/v1\/wp-json\/wp\/v2\/categories?post=141132"},{"taxonomy":"post_tag","embeddable":true,"href":"https:\/\/www.blogdotarugao.com.br\/v1\/wp-json\/wp\/v2\/tags?post=141132"}],"curies":[{"name":"wp","href":"https:\/\/api.w.org\/{rel}","templated":true}]}}