{"id":141172,"date":"2021-07-26T18:07:09","date_gmt":"2021-07-26T21:07:09","guid":{"rendered":"http:\/\/www.blogdotarugao.com.br\/v1\/?p=141172"},"modified":"2021-07-26T18:07:09","modified_gmt":"2021-07-26T21:07:09","slug":"secretaria-extraordinaria-diz-que-saude-nao-recomenda-3a-dose-contra-covid","status":"publish","type":"post","link":"https:\/\/www.blogdotarugao.com.br\/v1\/2021\/07\/26\/secretaria-extraordinaria-diz-que-saude-nao-recomenda-3a-dose-contra-covid\/","title":{"rendered":"SECRET\u00c1RIA EXTRAORDIN\u00c1RIA DIZ QUE SA\u00daDE N\u00c3O RECOMENDA 3\u00aa DOSE CONTRA COVID"},"content":{"rendered":"<h3><img loading=\"lazy\" class=\"\" src=\"https:\/\/media.gazetadopovo.com.br\/2020\/05\/19125303\/ministeriosaude-crop-20200519155229-660x372.jpg\" alt=\"Em meio \u00e0 pandemia, Minist\u00e9rio da Sa\u00fade completa 50 dias sem titular\" width=\"580\" height=\"327\" \/><\/h3>\n<h3>A secret\u00e1ria extraordin\u00e1ria de Enfrentamento \u00e0 Covid-19 do Minist\u00e9rio da Sa\u00fade, Rosana Leite, descartou que seja feita a aplica\u00e7\u00e3o de terceira dose &#8211; ou dose de refor\u00e7o &#8211; de qualquer que seja o imunizante no pa\u00eds.<\/h3>\n<h3>No lugar, Rosana afirmou que a pasta j\u00e1 discute o calend\u00e1rio vacinal do pr\u00f3ximo ano, o que ser\u00e1 motivo de f\u00f3rum para discuss\u00e3o entre especialistas brasileiros e comunidade internacional.<\/h3>\n<h3>Em entrevista coletiva no Minist\u00e9rio da Sa\u00fade nesta segunda (26) a secret\u00e1ria destacou que o governo tem refor\u00e7ado as campanhas de imuniza\u00e7\u00e3o contra a Covid-19 em regi\u00f5es fronteiri\u00e7as com o objetivo de obstaculizar a entrada e dissemina\u00e7\u00e3o da variante Delta &#8211; &#8220;a maior preocupa\u00e7\u00e3o do Minist\u00e9rio da Sa\u00fade&#8221;, segundo ela.(M1)<\/h3>\n<p><span style=\"color: #0000ff;\">RK<\/span><\/p>\n","protected":false},"excerpt":{"rendered":"<p>A secret\u00e1ria extraordin\u00e1ria de Enfrentamento \u00e0 Covid-19 do Minist\u00e9rio da Sa\u00fade, Rosana Leite, descartou que seja feita a aplica\u00e7\u00e3o de terceira dose &#8211; ou dose de refor\u00e7o &#8211; de qualquer que seja o imunizante no pa\u00eds. No lugar, Rosana afirmou que a pasta j\u00e1 discute o calend\u00e1rio vacinal do pr\u00f3ximo ano, o que ser\u00e1 motivo [&hellip;]<\/p>\n","protected":false},"author":2,"featured_media":0,"comment_status":"open","ping_status":"open","sticky":false,"template":"","format":"standard","meta":{"_links_to":"","_links_to_target":""},"categories":[1],"tags":[],"_links":{"self":[{"href":"https:\/\/www.blogdotarugao.com.br\/v1\/wp-json\/wp\/v2\/posts\/141172"}],"collection":[{"href":"https:\/\/www.blogdotarugao.com.br\/v1\/wp-json\/wp\/v2\/posts"}],"about":[{"href":"https:\/\/www.blogdotarugao.com.br\/v1\/wp-json\/wp\/v2\/types\/post"}],"author":[{"embeddable":true,"href":"https:\/\/www.blogdotarugao.com.br\/v1\/wp-json\/wp\/v2\/users\/2"}],"replies":[{"embeddable":true,"href":"https:\/\/www.blogdotarugao.com.br\/v1\/wp-json\/wp\/v2\/comments?post=141172"}],"version-history":[{"count":1,"href":"https:\/\/www.blogdotarugao.com.br\/v1\/wp-json\/wp\/v2\/posts\/141172\/revisions"}],"predecessor-version":[{"id":141173,"href":"https:\/\/www.blogdotarugao.com.br\/v1\/wp-json\/wp\/v2\/posts\/141172\/revisions\/141173"}],"wp:attachment":[{"href":"https:\/\/www.blogdotarugao.com.br\/v1\/wp-json\/wp\/v2\/media?parent=141172"}],"wp:term":[{"taxonomy":"category","embeddable":true,"href":"https:\/\/www.blogdotarugao.com.br\/v1\/wp-json\/wp\/v2\/categories?post=141172"},{"taxonomy":"post_tag","embeddable":true,"href":"https:\/\/www.blogdotarugao.com.br\/v1\/wp-json\/wp\/v2\/tags?post=141172"}],"curies":[{"name":"wp","href":"https:\/\/api.w.org\/{rel}","templated":true}]}}