{"id":141175,"date":"2021-07-26T18:13:52","date_gmt":"2021-07-26T21:13:52","guid":{"rendered":"http:\/\/www.blogdotarugao.com.br\/v1\/?p=141175"},"modified":"2021-07-26T18:13:52","modified_gmt":"2021-07-26T21:13:52","slug":"intervalo-entre-doses-da-pfizer-reduzira-de-tres-meses-para-21-dias","status":"publish","type":"post","link":"https:\/\/www.blogdotarugao.com.br\/v1\/2021\/07\/26\/intervalo-entre-doses-da-pfizer-reduzira-de-tres-meses-para-21-dias\/","title":{"rendered":"INTERVALO ENTRE DOSES DA PFIZER REDUZIR\u00c1 DE TR\u00caS MESES PARA 21 DIAS"},"content":{"rendered":"<h3><img loading=\"lazy\" class=\"\" src=\"https:\/\/api.metro1.com.br\/noticias\/109742,intervalo-entre-doses-da-pfizer-reduzira-de-tres-meses-para-21-dias-3.jpg\" alt=\"Intervalo entre doses da Pfizer reduzir\u00e1 de tr\u00eas meses para 21 dias \" width=\"581\" height=\"273\" \/><\/h3>\n<h3>O Minist\u00e9rio da Sa\u00fade diminuir\u00e1 para 21 dias o intervalo entre as duas doses da vacina da Pfizer, o que pode conter a dissemina\u00e7\u00e3o da variante Delta, considerada mais agressiva e transmiss\u00edvel.<\/h3>\n<h3>A confirma\u00e7\u00e3o foi dada pelo secret\u00e1rio-executivo da pasta, Rodrigo Cruz, em conversa com jornalistas na tarde desta segunda-feira (26), e divulgada pelo jornal O Globo.<\/h3>\n<h3>Detalhes, como a data, o cronograma de abastecimento e a forma como ser\u00e1 feita a antecipa\u00e7\u00e3o, ainda est\u00e3o sendo avaliados junto ao laborat\u00f3rio, ao Conselho Nacional de Secret\u00e1rios de Sa\u00fade (Conass) e ao Conselho Nacional de Secretarias Municipais de Sa\u00fade (Conasems).<\/h3>\n<h3>A decis\u00e3o final deve ser anunciada ainda nesta semana.(M1)<\/h3>\n<p><span style=\"color: #0000ff;\">RK<\/span><\/p>\n<p>&nbsp;<\/p>\n","protected":false},"excerpt":{"rendered":"<p>O Minist\u00e9rio da Sa\u00fade diminuir\u00e1 para 21 dias o intervalo entre as duas doses da vacina da Pfizer, o que pode conter a dissemina\u00e7\u00e3o da variante Delta, considerada mais agressiva e transmiss\u00edvel. A confirma\u00e7\u00e3o foi dada pelo secret\u00e1rio-executivo da pasta, Rodrigo Cruz, em conversa com jornalistas na tarde desta segunda-feira (26), e divulgada pelo jornal [&hellip;]<\/p>\n","protected":false},"author":2,"featured_media":0,"comment_status":"open","ping_status":"open","sticky":false,"template":"","format":"standard","meta":{"_links_to":"","_links_to_target":""},"categories":[1],"tags":[],"_links":{"self":[{"href":"https:\/\/www.blogdotarugao.com.br\/v1\/wp-json\/wp\/v2\/posts\/141175"}],"collection":[{"href":"https:\/\/www.blogdotarugao.com.br\/v1\/wp-json\/wp\/v2\/posts"}],"about":[{"href":"https:\/\/www.blogdotarugao.com.br\/v1\/wp-json\/wp\/v2\/types\/post"}],"author":[{"embeddable":true,"href":"https:\/\/www.blogdotarugao.com.br\/v1\/wp-json\/wp\/v2\/users\/2"}],"replies":[{"embeddable":true,"href":"https:\/\/www.blogdotarugao.com.br\/v1\/wp-json\/wp\/v2\/comments?post=141175"}],"version-history":[{"count":1,"href":"https:\/\/www.blogdotarugao.com.br\/v1\/wp-json\/wp\/v2\/posts\/141175\/revisions"}],"predecessor-version":[{"id":141176,"href":"https:\/\/www.blogdotarugao.com.br\/v1\/wp-json\/wp\/v2\/posts\/141175\/revisions\/141176"}],"wp:attachment":[{"href":"https:\/\/www.blogdotarugao.com.br\/v1\/wp-json\/wp\/v2\/media?parent=141175"}],"wp:term":[{"taxonomy":"category","embeddable":true,"href":"https:\/\/www.blogdotarugao.com.br\/v1\/wp-json\/wp\/v2\/categories?post=141175"},{"taxonomy":"post_tag","embeddable":true,"href":"https:\/\/www.blogdotarugao.com.br\/v1\/wp-json\/wp\/v2\/tags?post=141175"}],"curies":[{"name":"wp","href":"https:\/\/api.w.org\/{rel}","templated":true}]}}