{"id":141185,"date":"2021-07-27T19:38:43","date_gmt":"2021-07-27T22:38:43","guid":{"rendered":"http:\/\/www.blogdotarugao.com.br\/v1\/?p=141185"},"modified":"2021-07-27T19:38:43","modified_gmt":"2021-07-27T22:38:43","slug":"escola-sizaltina-fernandes-anexo-i-segue-promovendo-educacao-ambiental-mesmo-em-meio-a-pandemia","status":"publish","type":"post","link":"https:\/\/www.blogdotarugao.com.br\/v1\/2021\/07\/27\/escola-sizaltina-fernandes-anexo-i-segue-promovendo-educacao-ambiental-mesmo-em-meio-a-pandemia\/","title":{"rendered":"ESCOLA SIZALTINA FERNANDES ANEXO I SEGUE PROMOVENDO EDUCA\u00c7\u00c3O AMBIENTAL MESMO EM MEIO \u00c0 PANDEMIA"},"content":{"rendered":"<h3><img loading=\"lazy\" class=\"\" src=\"http:\/\/www.itapetinga.ba.gov.br\/wp-content\/uploads\/2021\/07\/WhatsApp-Image-2021-07-27-at-10.33.30.jpeg\" width=\"581\" height=\"327\" \/><\/h3>\n<h3>A escola Sizaltina Fernandes Anexo I realizou, na manh\u00e3 desta ter\u00e7a-feira, 27, a cerim\u00f4nia virtual para posse dos L\u00edderes de Classe e nomea\u00e7\u00e3o dos Defensores da Natureza. Na busca por uma educa\u00e7\u00e3o que v\u00e1 al\u00e9m das regras gramaticais e dos c\u00e1lculos matem\u00e1ticos, a escola busca formar l\u00edderes e cidad\u00e3os conscientes da sua fun\u00e7\u00e3o na sociedade.<\/h3>\n<h3><img loading=\"lazy\" class=\"\" src=\"http:\/\/www.itapetinga.ba.gov.br\/wp-content\/uploads\/2021\/07\/WhatsApp-Image-2021-07-27-at-10.41.15.jpeg\" width=\"580\" height=\"435\" \/><\/h3>\n<h3>Durante o per\u00edodo da pandemia, embora os alunos n\u00e3o possam estar em sala de aula, a educa\u00e7\u00e3o n\u00e3o parou, assim como n\u00e3o pararam os projetos que formam jovens cr\u00edticos e atuantes.<\/h3>\n<h3><img loading=\"lazy\" class=\"\" src=\"http:\/\/www.itapetinga.ba.gov.br\/wp-content\/uploads\/2021\/07\/WhatsApp-Image-2021-07-27-at-10.41.14-2.jpeg\" width=\"580\" height=\"435\" \/><\/h3>\n<h3>Ap\u00f3s a apresenta\u00e7\u00e3o dos grupos escolhidos como l\u00edderes e defensores, os jovens Pedro Henrique e Larissa Silva fizeram o juramento em nome de todos os colegas rec\u00e9m empossados e nomeados. A cerim\u00f4nia seguiu, ainda, com as palestras da promotora p\u00fablica Karine Cherubini, que falou sobre a import\u00e2ncia e desafios da defesa do meio ambiente, e da psic\u00f3loga Juliana Moura, que deixou claro a diferen\u00e7a entre l\u00edderes e chefes.<\/h3>\n<h3><img loading=\"lazy\" class=\"\" src=\"http:\/\/www.itapetinga.ba.gov.br\/wp-content\/uploads\/2021\/07\/WhatsApp-Image-2021-07-27-at-10.41.14-1.jpeg\" width=\"580\" height=\"326\" \/><\/h3>\n<h3>A reuni\u00e3o foi presidida pela orientadora de projetos S\u00f4nia Gorette e contou com a participa\u00e7\u00e3o do secret\u00e1rio de educa\u00e7\u00e3o, Geraldo Trindade e de meio ambiente, F\u00e1bio Viana.<\/h3>\n<p><img loading=\"lazy\" class=\"\" src=\"http:\/\/www.itapetinga.ba.gov.br\/wp-content\/uploads\/2021\/07\/WhatsApp-Image-2021-07-27-at-10.41.14.jpeg\" width=\"578\" height=\"325\" \/><\/p>\n<p><span style=\"color: #0000ff;\">RK<\/span><\/p>\n","protected":false},"excerpt":{"rendered":"<p>A escola Sizaltina Fernandes Anexo I realizou, na manh\u00e3 desta ter\u00e7a-feira, 27, a cerim\u00f4nia virtual para posse dos L\u00edderes de Classe e nomea\u00e7\u00e3o dos Defensores da Natureza. Na busca por uma educa\u00e7\u00e3o que v\u00e1 al\u00e9m das regras gramaticais e dos c\u00e1lculos matem\u00e1ticos, a escola busca formar l\u00edderes e cidad\u00e3os conscientes da sua fun\u00e7\u00e3o na sociedade. [&hellip;]<\/p>\n","protected":false},"author":2,"featured_media":0,"comment_status":"open","ping_status":"open","sticky":false,"template":"","format":"standard","meta":{"_links_to":"","_links_to_target":""},"categories":[1],"tags":[],"_links":{"self":[{"href":"https:\/\/www.blogdotarugao.com.br\/v1\/wp-json\/wp\/v2\/posts\/141185"}],"collection":[{"href":"https:\/\/www.blogdotarugao.com.br\/v1\/wp-json\/wp\/v2\/posts"}],"about":[{"href":"https:\/\/www.blogdotarugao.com.br\/v1\/wp-json\/wp\/v2\/types\/post"}],"author":[{"embeddable":true,"href":"https:\/\/www.blogdotarugao.com.br\/v1\/wp-json\/wp\/v2\/users\/2"}],"replies":[{"embeddable":true,"href":"https:\/\/www.blogdotarugao.com.br\/v1\/wp-json\/wp\/v2\/comments?post=141185"}],"version-history":[{"count":1,"href":"https:\/\/www.blogdotarugao.com.br\/v1\/wp-json\/wp\/v2\/posts\/141185\/revisions"}],"predecessor-version":[{"id":141186,"href":"https:\/\/www.blogdotarugao.com.br\/v1\/wp-json\/wp\/v2\/posts\/141185\/revisions\/141186"}],"wp:attachment":[{"href":"https:\/\/www.blogdotarugao.com.br\/v1\/wp-json\/wp\/v2\/media?parent=141185"}],"wp:term":[{"taxonomy":"category","embeddable":true,"href":"https:\/\/www.blogdotarugao.com.br\/v1\/wp-json\/wp\/v2\/categories?post=141185"},{"taxonomy":"post_tag","embeddable":true,"href":"https:\/\/www.blogdotarugao.com.br\/v1\/wp-json\/wp\/v2\/tags?post=141185"}],"curies":[{"name":"wp","href":"https:\/\/api.w.org\/{rel}","templated":true}]}}