{"id":141194,"date":"2021-07-28T06:30:47","date_gmt":"2021-07-28T09:30:47","guid":{"rendered":"http:\/\/www.blogdotarugao.com.br\/v1\/?p=141194"},"modified":"2021-07-28T06:33:24","modified_gmt":"2021-07-28T09:33:24","slug":"saude-anucia-que-intervalo-entre-doses-nao-pode-ser-reduzido","status":"publish","type":"post","link":"https:\/\/www.blogdotarugao.com.br\/v1\/2021\/07\/28\/saude-anucia-que-intervalo-entre-doses-nao-pode-ser-reduzido\/","title":{"rendered":"SA\u00daDE ANUCIA QUE INTERVALO ENTRE DOSES N\u00c3O PODE SER REDUZIDO"},"content":{"rendered":"<div class=\"mb-5 mb-lg-6\">\n<header class=\"toolkit-heading\">\n<div class=\"heading-title\">\n<h3 class=\"toolkit-subtitle mt-5\"><img loading=\"lazy\" class=\"wp-image-141195 alignleft\" src=\"http:\/\/www.blogdotarugao.com.br\/v1\/wp-content\/uploads\/2021\/07\/A-27.jpg\" alt=\"\" width=\"585\" height=\"319\" \/>Comunicado esclarece que isso s\u00f3 vai ocorrer depois que toda a popula\u00e7\u00e3o estiver imunizada com pelo menos uma dose de vacina<\/h3>\n<\/div>\n<\/header>\n<\/div>\n<article class=\"toolkit-media-content\" data-dp6-item=\"articleContainer\" data-url=\"http:\/\/noticias.r7.com\/brasil\/saude-anuncia-que-intervalo-entre-doses-ainda-nao-pode-ser-reduzido-27072021\" data-changing-text-area=\"\" data-content=\"article\">\n<div class=\"toolkit-image-container__info content_image\" data-dimensions=\"771x420\">\n<h4 class=\"toolkit-image-container__caption legend_box \">At\u00e9 agora, 100 milh\u00f5es de brasileiros j\u00e1 tomaram a primeira dose ou dose \u00fanica da vacina<\/h4>\n<\/div>\n<h3>O Minist\u00e9rio da Sa\u00fade, o Conselho Nacional de Secret\u00e1rios de Sa\u00fade (Conass) e o Conselho de Secretarias Municipais de Sa\u00fade (Conasems), gestores do Sistema \u00danico de Sa\u00fade, divulgaram comunicado tripartite nesta ter\u00e7a-feira (27) em que esclarecem que s\u00f3 ap\u00f3s a imuniza\u00e7\u00e3o total da popula\u00e7\u00e3o adulta (18 anos ou mais) com pelo menos uma dose da vacina contra a covid ser\u00e1 reduzido o intervalo entre as doses.<\/h3>\n<h3>Nesta segunda-feira (26), o minist\u00e9rio havia anunciado que o\u00a0<a href=\"https:\/\/noticias.r7.com\/brasil\/ministerio-vai-reduzir-intervalo-de-doses-da-pfizer-para-21-dias-26072021\"><u><strong>intervalo da vacina Pfizer seria reduzido dos atuais tr\u00eas meses para 21 dias<\/strong><\/u><\/a>. A medida \u00e9 uma tentativa de conter o avan\u00e7o da variante Delta do coronav\u00edrus.<\/h3>\n<h3>No comunicado, os \u00f3rg\u00e3os de sa\u00fade informam que estados e munic\u00edpios devem seguir, rigorosamente, as defini\u00e7\u00f5es do Programa Nacional de Imuniza\u00e7\u00f5es (PNI) quanto aos intervalos entre as doses e demais recomenda\u00e7\u00f5es t\u00e9cnicas, &#8220;sob pena de responsabilidade futura&#8221;. &#8220;O sucesso da vacina\u00e7\u00e3o depende da atua\u00e7\u00e3o sin\u00e9rgica, harm\u00f4nica e solid\u00e1ria entre os n\u00edveis federal, estadual e municipal, al\u00e9m da colabora\u00e7\u00e3o imprescind\u00edvel da sociedade civil e dos meios de comunica\u00e7\u00e3o&#8221;, diz o texto.<\/h3>\n<h3>Segundo o comunicado, uma vez cumprida a distribui\u00e7\u00e3o de ao menos uma dose para os grupos priorit\u00e1rios, a vacina\u00e7\u00e3o vai obedecer a ordem por faixa et\u00e1ria decrescente. &#8220;Ap\u00f3s a conclus\u00e3o do envio de doses para a popula\u00e7\u00e3o adulta, ser\u00e3o inclu\u00eddos os adolescentes de 12 a 17 anos, com prioridade para aqueles com comorbidades&#8221;, esclarece.<\/h3>\n<h3>Os \u00f3rg\u00e3os de sa\u00fade informam, ainda, que haver\u00e1 uma compensa\u00e7\u00e3o gradual dos quantitativos de vacinas enviados de modo complementar (como estados que receberam doses do fundo estrat\u00e9gico, estados com vacina\u00e7\u00e3o em munic\u00edpios de fronteiras, atendimento a a\u00e7\u00f5es judiciais etc.) e estados com maior contingente populacional de grupos priorit\u00e1rios j\u00e1 vacinados. O objetivo \u00e9 que todos os estados finalizem o processo de imuniza\u00e7\u00e3o &#8220;sem que haja benef\u00edcios ou preju\u00edzos a suas respectivas popula\u00e7\u00f5es&#8221;.<\/h3>\n<h3>O documento \u00e9 assinado por Marcelo Queiroga, ministro da Sa\u00fade, Carlos Eduardo de Oliveira Lula, presidente do Conass, e Wilames Freire Bezerra, presidente do Conasems.<\/h3>\n<div class=\"toolkit-card-primary mb-7\" data-dp6-item=\"vejaTambem\">\n<h3 class=\"toolkit-card-primary__body\"><\/h3>\n<\/div>\n<\/article>\n","protected":false},"excerpt":{"rendered":"<p>Comunicado esclarece que isso s\u00f3 vai ocorrer depois que toda a popula\u00e7\u00e3o estiver imunizada com pelo menos uma dose de vacina At\u00e9 agora, 100 milh\u00f5es de brasileiros j\u00e1 tomaram a primeira dose ou dose \u00fanica da vacina O Minist\u00e9rio da Sa\u00fade, o Conselho Nacional de Secret\u00e1rios de Sa\u00fade (Conass) e o Conselho de Secretarias Municipais [&hellip;]<\/p>\n","protected":false},"author":2,"featured_media":0,"comment_status":"open","ping_status":"open","sticky":false,"template":"","format":"standard","meta":{"_links_to":"","_links_to_target":""},"categories":[1],"tags":[],"_links":{"self":[{"href":"https:\/\/www.blogdotarugao.com.br\/v1\/wp-json\/wp\/v2\/posts\/141194"}],"collection":[{"href":"https:\/\/www.blogdotarugao.com.br\/v1\/wp-json\/wp\/v2\/posts"}],"about":[{"href":"https:\/\/www.blogdotarugao.com.br\/v1\/wp-json\/wp\/v2\/types\/post"}],"author":[{"embeddable":true,"href":"https:\/\/www.blogdotarugao.com.br\/v1\/wp-json\/wp\/v2\/users\/2"}],"replies":[{"embeddable":true,"href":"https:\/\/www.blogdotarugao.com.br\/v1\/wp-json\/wp\/v2\/comments?post=141194"}],"version-history":[{"count":2,"href":"https:\/\/www.blogdotarugao.com.br\/v1\/wp-json\/wp\/v2\/posts\/141194\/revisions"}],"predecessor-version":[{"id":141197,"href":"https:\/\/www.blogdotarugao.com.br\/v1\/wp-json\/wp\/v2\/posts\/141194\/revisions\/141197"}],"wp:attachment":[{"href":"https:\/\/www.blogdotarugao.com.br\/v1\/wp-json\/wp\/v2\/media?parent=141194"}],"wp:term":[{"taxonomy":"category","embeddable":true,"href":"https:\/\/www.blogdotarugao.com.br\/v1\/wp-json\/wp\/v2\/categories?post=141194"},{"taxonomy":"post_tag","embeddable":true,"href":"https:\/\/www.blogdotarugao.com.br\/v1\/wp-json\/wp\/v2\/tags?post=141194"}],"curies":[{"name":"wp","href":"https:\/\/api.w.org\/{rel}","templated":true}]}}