{"id":141229,"date":"2021-07-30T09:20:52","date_gmt":"2021-07-30T12:20:52","guid":{"rendered":"http:\/\/www.blogdotarugao.com.br\/v1\/?p=141229"},"modified":"2021-07-30T09:20:52","modified_gmt":"2021-07-30T12:20:52","slug":"lei-que-prioriza-gestantes-e-lactantes-na-vacinacao-e-sancionada","status":"publish","type":"post","link":"https:\/\/www.blogdotarugao.com.br\/v1\/2021\/07\/30\/lei-que-prioriza-gestantes-e-lactantes-na-vacinacao-e-sancionada\/","title":{"rendered":"LEI QUE PRIORIZA GESTANTES E LACTANTES NA VACINA\u00c7\u00c3O \u00c9 SANCIONADA"},"content":{"rendered":"<h3><img loading=\"lazy\" class=\"\" src=\"https:\/\/www.bahianoticias.com.br\/fotos\/saude_noticias\/27287\/IMAGEM_NOTICIA_5.jpg?checksum=1627639822\" alt=\"Lei que prioriza gestantes e lactantes na vacina\u00e7\u00e3o \u00e9 sancionada\" width=\"580\" height=\"427\" \/><\/h3>\n<h3>Uma lei que inclui gestantes e lactantes como grupo priorit\u00e1rio para a vacina\u00e7\u00e3o contra a Covid-19 foi sancionada. Todas as lactantes s\u00e3o consideradas prioridade, independente de idade da crian\u00e7a ou da exist\u00eancia de comorbidades. A informa\u00e7\u00e3o \u00e9 da Ag\u00eancia Brasil.<\/h3>\n<h3>Tamb\u00e9m est\u00e3o entre as prioridades pu\u00e9rperas, crian\u00e7as e adolescentes com defici\u00eancia permanente ou com comorbidade, e pessoas privadas de liberdade. O ato foi assinado pelo presidente Jair Bolsonaro.<\/h3>\n<h3>A lei teve origem no Senado. Durante os debates no Legislativo, um dos motivos para a apresenta\u00e7\u00e3o do projeto a diminui\u00e7\u00e3o da chance de uma lactante que volta ao trabalho presencial adoecer e contaminar o filho e a redu\u00e7\u00e3o do \u00edndice de mortalidade materna, entre outros. (BN)<\/h3>\n<p><span style=\"color: #0000ff;\">RK<\/span><\/p>\n","protected":false},"excerpt":{"rendered":"<p>Uma lei que inclui gestantes e lactantes como grupo priorit\u00e1rio para a vacina\u00e7\u00e3o contra a Covid-19 foi sancionada. Todas as lactantes s\u00e3o consideradas prioridade, independente de idade da crian\u00e7a ou da exist\u00eancia de comorbidades. A informa\u00e7\u00e3o \u00e9 da Ag\u00eancia Brasil. Tamb\u00e9m est\u00e3o entre as prioridades pu\u00e9rperas, crian\u00e7as e adolescentes com defici\u00eancia permanente ou com comorbidade, [&hellip;]<\/p>\n","protected":false},"author":2,"featured_media":0,"comment_status":"open","ping_status":"open","sticky":false,"template":"","format":"standard","meta":{"_links_to":"","_links_to_target":""},"categories":[1],"tags":[],"_links":{"self":[{"href":"https:\/\/www.blogdotarugao.com.br\/v1\/wp-json\/wp\/v2\/posts\/141229"}],"collection":[{"href":"https:\/\/www.blogdotarugao.com.br\/v1\/wp-json\/wp\/v2\/posts"}],"about":[{"href":"https:\/\/www.blogdotarugao.com.br\/v1\/wp-json\/wp\/v2\/types\/post"}],"author":[{"embeddable":true,"href":"https:\/\/www.blogdotarugao.com.br\/v1\/wp-json\/wp\/v2\/users\/2"}],"replies":[{"embeddable":true,"href":"https:\/\/www.blogdotarugao.com.br\/v1\/wp-json\/wp\/v2\/comments?post=141229"}],"version-history":[{"count":1,"href":"https:\/\/www.blogdotarugao.com.br\/v1\/wp-json\/wp\/v2\/posts\/141229\/revisions"}],"predecessor-version":[{"id":141230,"href":"https:\/\/www.blogdotarugao.com.br\/v1\/wp-json\/wp\/v2\/posts\/141229\/revisions\/141230"}],"wp:attachment":[{"href":"https:\/\/www.blogdotarugao.com.br\/v1\/wp-json\/wp\/v2\/media?parent=141229"}],"wp:term":[{"taxonomy":"category","embeddable":true,"href":"https:\/\/www.blogdotarugao.com.br\/v1\/wp-json\/wp\/v2\/categories?post=141229"},{"taxonomy":"post_tag","embeddable":true,"href":"https:\/\/www.blogdotarugao.com.br\/v1\/wp-json\/wp\/v2\/tags?post=141229"}],"curies":[{"name":"wp","href":"https:\/\/api.w.org\/{rel}","templated":true}]}}