{"id":14172,"date":"2014-08-04T18:43:30","date_gmt":"2014-08-04T21:43:30","guid":{"rendered":"http:\/\/www.blogdotarugao.com.br\/v1\/?p=14172"},"modified":"2014-08-04T18:43:30","modified_gmt":"2014-08-04T21:43:30","slug":"grupo-dass-abre-oportunidade-para-jovens-conquistarem-o-1o-emprego-em-vitoria-da-conquista","status":"publish","type":"post","link":"https:\/\/www.blogdotarugao.com.br\/v1\/2014\/08\/04\/grupo-dass-abre-oportunidade-para-jovens-conquistarem-o-1o-emprego-em-vitoria-da-conquista\/","title":{"rendered":"Grupo Dass abre oportunidade para jovens conquistarem o 1\u00ba emprego em Vit\u00f3ria da Conquista"},"content":{"rendered":"<p><em><strong>Informe Publicit\u00e1rio<\/strong><\/em><\/p>\n<p><a href=\"http:\/\/www.blogdorodrigoferraz.com.br\/v1\/wp-content\/uploads\/2014\/08\/oi.jpg\" class=\"gallery_colorbox\" data-slb-group=\"29256\" data-slb-active=\"1\" data-slb-internal=\"0\"><img loading=\"lazy\" alt=\"oi\" src=\"http:\/\/www.blogdorodrigoferraz.com.br\/v1\/wp-content\/uploads\/2014\/08\/oi.jpg\"  width=\"358\" height=\"243\" \/><\/a><\/p>\n<p>Em parceria com o SENAI, o\u00a0<strong>P<\/strong><strong>\u200b<\/strong><strong>r<\/strong><strong>\u200b<\/strong><strong>ograma Jovem Aprendiz<\/strong>\u00e9 voltado para jovens entre 17 e 21 anos, que j\u00e1 tenham conclu\u00eddo a 8\u00aa s\u00e9rie do Ensino Fundamental ou equivalente, com disponibilidade para eventuais aulas aos s\u00e1bados e pr\u00e1ticas ou visitas t\u00e9cnicas junto \u00e0 empresa.<\/p>\n<p>A dura\u00e7\u00e3o do programa\u00a0\u00e9 de treze meses, sendo\u00a0seis deles em fase de forma\u00e7\u00e3o (com aulas sobre cidadania, portugu\u00eas, t\u00e9cnicas de reda\u00e7\u00e3o, meio ambiente e disciplinas t\u00e9cnicas da \u00e1rea Industrial, todas cursadas no SENAI). Ap\u00f3s a fase escolar, os alunos chegam \u00e0 Dass para realizar na pr\u00e1tica tudo o que aprenderam em sala de aula, sempre acompanhados por um tutor (colaborador da empresa).<!--more--><\/p>\n<p>Durante todo o per\u00edodo, o estudante receber\u00e1 Bolsa-Aux\u00edlio e vale transporte. A contrata\u00e7\u00e3o efetiva no Grupo Dass est\u00e1 condicionada a exist\u00eancia de vaga e ao desempenho escolar do aluno no decorrer do curso, incluindo frequ\u00eancia de aulas, comportamento, perfil e interesse nas oportunidades.<\/p>\n<p>Interessados podem entregar o curr\u00edculo no Grupo Dass (Av. Juracy Magalh\u00e3es, n\u00ba 5.100 ou n\u00ba 5.200 \u2013 Bairro Bela Vista \u2013 Vit\u00f3ria da Conquista)<\/p>\n<p><strong>Fonte: Blog do Rodrigo Ferraz<\/strong><\/p>\n","protected":false},"excerpt":{"rendered":"<p>Informe Publicit\u00e1rio Em parceria com o SENAI, o\u00a0P\u200br\u200bograma Jovem Aprendiz\u00e9 voltado para jovens entre 17 e 21 anos, que j\u00e1 tenham conclu\u00eddo a 8\u00aa s\u00e9rie do Ensino Fundamental ou equivalente, com disponibilidade para eventuais aulas aos s\u00e1bados e pr\u00e1ticas ou visitas t\u00e9cnicas junto \u00e0 empresa. A dura\u00e7\u00e3o do programa\u00a0\u00e9 de treze meses, sendo\u00a0seis deles em [&hellip;]<\/p>\n","protected":false},"author":2,"featured_media":0,"comment_status":"open","ping_status":"open","sticky":false,"template":"","format":"standard","meta":{"_links_to":"","_links_to_target":""},"categories":[6,20,1,3],"tags":[],"_links":{"self":[{"href":"https:\/\/www.blogdotarugao.com.br\/v1\/wp-json\/wp\/v2\/posts\/14172"}],"collection":[{"href":"https:\/\/www.blogdotarugao.com.br\/v1\/wp-json\/wp\/v2\/posts"}],"about":[{"href":"https:\/\/www.blogdotarugao.com.br\/v1\/wp-json\/wp\/v2\/types\/post"}],"author":[{"embeddable":true,"href":"https:\/\/www.blogdotarugao.com.br\/v1\/wp-json\/wp\/v2\/users\/2"}],"replies":[{"embeddable":true,"href":"https:\/\/www.blogdotarugao.com.br\/v1\/wp-json\/wp\/v2\/comments?post=14172"}],"version-history":[{"count":2,"href":"https:\/\/www.blogdotarugao.com.br\/v1\/wp-json\/wp\/v2\/posts\/14172\/revisions"}],"predecessor-version":[{"id":14174,"href":"https:\/\/www.blogdotarugao.com.br\/v1\/wp-json\/wp\/v2\/posts\/14172\/revisions\/14174"}],"wp:attachment":[{"href":"https:\/\/www.blogdotarugao.com.br\/v1\/wp-json\/wp\/v2\/media?parent=14172"}],"wp:term":[{"taxonomy":"category","embeddable":true,"href":"https:\/\/www.blogdotarugao.com.br\/v1\/wp-json\/wp\/v2\/categories?post=14172"},{"taxonomy":"post_tag","embeddable":true,"href":"https:\/\/www.blogdotarugao.com.br\/v1\/wp-json\/wp\/v2\/tags?post=14172"}],"curies":[{"name":"wp","href":"https:\/\/api.w.org\/{rel}","templated":true}]}}