{"id":14206,"date":"2014-08-05T08:47:42","date_gmt":"2014-08-05T11:47:42","guid":{"rendered":"http:\/\/www.blogdotarugao.com.br\/v1\/?p=14206"},"modified":"2014-08-05T08:48:26","modified_gmt":"2014-08-05T11:48:26","slug":"no-ventilador-colunista-conta-os-podres-de-neymar-e-motivo-de-termino-saiba","status":"publish","type":"post","link":"https:\/\/www.blogdotarugao.com.br\/v1\/2014\/08\/05\/no-ventilador-colunista-conta-os-podres-de-neymar-e-motivo-de-termino-saiba\/","title":{"rendered":"No ventilador: colunista conta os podres de Neymar e motivo de t\u00e9rmino. Saiba"},"content":{"rendered":"<div><img title=\"Reprodu\u00e7\u00e3o\" alt=\"\" src=\"http:\/\/www.bocaonews.com.br\/ckfinder\/userfiles\/fotos_e_imagens\/ENTRETENIMENTO\/CELEBRIDADES\/Nacional\/neymar-bruna-marquezine-2.jpg\" \/><\/div>\n<div id=\"cke_pastebin\">Novamente rumores de que o namoro de Bruna Marquezine e Neymar terminou rondam a imprensa. Desta vez, com mais detalhes, o colunista do Jornal O Dia, Leo Dias, diz que o motivo do t\u00e9rmino foi a vontade de Bruna Marquezine em se casar e morar na Europa. Com uma postura diferente da que ela esperava durante viagem de f\u00e9rias, Bruna voltou para o Brasil mais cedo e terminou tudo como jogador.<\/div>\n<div id=\"cke_pastebin\">Com a briga, o rapaz n\u00e3o se fez de rogado e ficou com a blogueira de Fortaleza Priscilla Silva. A mo\u00e7a \u00e9 de fam\u00edlia rica e ofereceu guarita pra Neymar em seu apartamento de Ibiza, onde o jogador tamb\u00e9m tem casa. Mas a ficada n\u00e3o evoluiu. A mo\u00e7a fez quest\u00e3o de contar para as amigas que ficou com o craque e a historia vazou. Agora, ela n\u00e3o s\u00f3 lida com a revolta de Neymar, como os bafaf\u00e1s na sua cidade em Recife, j\u00e1 que sempre foi apontada como \u2018louca\u2019 para ser celebridade.<\/div>\n<div id=\"cke_pastebin\">Mas as \u2018artes\u2019 de Neymar n\u00e3o param por a\u00ed. Ainda de acordo com o colunista, o mo\u00e7o ficou com outra blogueira de Fortaleza, Fernanda Sena, enquanto o namoro dele com Bruna estava firme e forte na Copa das Confedera\u00e7\u00f5es.<\/div>\n<div><img loading=\"lazy\" title=\"Reprodu\u00e7\u00e3o\" alt=\"\" src=\"http:\/\/www.bocaonews.com.br\/ckfinder\/userfiles\/fotos_e_imagens\/ENTRETENIMENTO\/CELEBRIDADES\/Nacional\/blogueiras_neymar.jpg\" width=\"640\" height=\"480\" \/><br \/>\nPriscilla Silva na esquerda e Fernanda Sena na direita<\/div>\n","protected":false},"excerpt":{"rendered":"<p>Novamente rumores de que o namoro de Bruna Marquezine e Neymar terminou rondam a imprensa. Desta vez, com mais detalhes, o colunista do Jornal O Dia, Leo Dias, diz que o motivo do t\u00e9rmino foi a vontade de Bruna Marquezine em se casar e morar na Europa. Com uma postura diferente da que ela esperava [&hellip;]<\/p>\n","protected":false},"author":2,"featured_media":0,"comment_status":"open","ping_status":"open","sticky":false,"template":"","format":"standard","meta":{"_links_to":"","_links_to_target":""},"categories":[14,21,1],"tags":[],"_links":{"self":[{"href":"https:\/\/www.blogdotarugao.com.br\/v1\/wp-json\/wp\/v2\/posts\/14206"}],"collection":[{"href":"https:\/\/www.blogdotarugao.com.br\/v1\/wp-json\/wp\/v2\/posts"}],"about":[{"href":"https:\/\/www.blogdotarugao.com.br\/v1\/wp-json\/wp\/v2\/types\/post"}],"author":[{"embeddable":true,"href":"https:\/\/www.blogdotarugao.com.br\/v1\/wp-json\/wp\/v2\/users\/2"}],"replies":[{"embeddable":true,"href":"https:\/\/www.blogdotarugao.com.br\/v1\/wp-json\/wp\/v2\/comments?post=14206"}],"version-history":[{"count":2,"href":"https:\/\/www.blogdotarugao.com.br\/v1\/wp-json\/wp\/v2\/posts\/14206\/revisions"}],"predecessor-version":[{"id":14208,"href":"https:\/\/www.blogdotarugao.com.br\/v1\/wp-json\/wp\/v2\/posts\/14206\/revisions\/14208"}],"wp:attachment":[{"href":"https:\/\/www.blogdotarugao.com.br\/v1\/wp-json\/wp\/v2\/media?parent=14206"}],"wp:term":[{"taxonomy":"category","embeddable":true,"href":"https:\/\/www.blogdotarugao.com.br\/v1\/wp-json\/wp\/v2\/categories?post=14206"},{"taxonomy":"post_tag","embeddable":true,"href":"https:\/\/www.blogdotarugao.com.br\/v1\/wp-json\/wp\/v2\/tags?post=14206"}],"curies":[{"name":"wp","href":"https:\/\/api.w.org\/{rel}","templated":true}]}}