{"id":14237,"date":"2014-08-05T18:27:49","date_gmt":"2014-08-05T21:27:49","guid":{"rendered":"http:\/\/www.blogdotarugao.com.br\/v1\/?p=14237"},"modified":"2014-08-05T18:31:44","modified_gmt":"2014-08-05T21:31:44","slug":"fagulha-de-incendio-em-matagal-destroi-carreta-e-carga-na-br-020","status":"publish","type":"post","link":"https:\/\/www.blogdotarugao.com.br\/v1\/2014\/08\/05\/fagulha-de-incendio-em-matagal-destroi-carreta-e-carga-na-br-020\/","title":{"rendered":"Fagulha de inc\u00eandio em matagal destr\u00f3i carreta e carga na BR-020"},"content":{"rendered":"<div><a href=\"http:\/\/www.blogdotarugao.com.br\/v1\/wp-content\/uploads\/2014\/08\/carreta-pegando-fogo.jpg\" class=\"gallery_colorbox\"><img loading=\"lazy\" class=\"aligncenter size-full wp-image-14238\" alt=\"carreta pegando fogo\" src=\"http:\/\/www.blogdotarugao.com.br\/v1\/wp-content\/uploads\/2014\/08\/carreta-pegando-fogo.jpg\"  width=\"653\" height=\"367\" srcset=\"https:\/\/www.blogdotarugao.com.br\/v1\/wp-content\/uploads\/2014\/08\/carreta-pegando-fogo.jpg 653w, https:\/\/www.blogdotarugao.com.br\/v1\/wp-content\/uploads\/2014\/08\/carreta-pegando-fogo-300x168.jpg 300w\" sizes=\"(max-width: 653px) 100vw, 653px\" \/><\/a><\/div>\n<div>Uma carreta bitrem com placa de Luis Eduardo Magalh\u00e3es, pegou fogo por volta das 10:00h, desta ter\u00e7a-feira (05), na BR-020, pr\u00f3ximo a concession\u00e1ria de ve\u00edculos Iveco. Ela estava carregada de feno, que seria descarregado na BUNGE Alimentos.<\/div>\n<div><\/div>\n<div>Uma fagulha carregada pelo vento, proveniente de uma queimada \u00e0s margens da rodovia, foi \u00e0 causa do incidente. O motorista afirmou que o ve\u00edculo n\u00e3o possui seguro, por isso ficou desesperado e chorava muito ao ver o caminh\u00e3o e carga sendo consumidas pelas chamas. Uma brigada de inc\u00eandio fez o que pode, mas n\u00e3o conseguiu controlar as labaredas que deixaram o ve\u00edculo parcialmente destru\u00eddo.<\/div>\n<div><\/div>\n<div>O condutor do caminh\u00e3o estava em companhia dos seus familiares, mas ningu\u00e9m se feriu.<\/div>\n","protected":false},"excerpt":{"rendered":"<p>Uma carreta bitrem com placa de Luis Eduardo Magalh\u00e3es, pegou fogo por volta das 10:00h, desta ter\u00e7a-feira (05), na BR-020, pr\u00f3ximo a concession\u00e1ria de ve\u00edculos Iveco. Ela estava carregada de feno, que seria descarregado na BUNGE Alimentos. Uma fagulha carregada pelo vento, proveniente de uma queimada \u00e0s margens da rodovia, foi \u00e0 causa do incidente. [&hellip;]<\/p>\n","protected":false},"author":2,"featured_media":0,"comment_status":"open","ping_status":"open","sticky":false,"template":"","format":"standard","meta":{"_links_to":"","_links_to_target":""},"categories":[28,6,1],"tags":[],"_links":{"self":[{"href":"https:\/\/www.blogdotarugao.com.br\/v1\/wp-json\/wp\/v2\/posts\/14237"}],"collection":[{"href":"https:\/\/www.blogdotarugao.com.br\/v1\/wp-json\/wp\/v2\/posts"}],"about":[{"href":"https:\/\/www.blogdotarugao.com.br\/v1\/wp-json\/wp\/v2\/types\/post"}],"author":[{"embeddable":true,"href":"https:\/\/www.blogdotarugao.com.br\/v1\/wp-json\/wp\/v2\/users\/2"}],"replies":[{"embeddable":true,"href":"https:\/\/www.blogdotarugao.com.br\/v1\/wp-json\/wp\/v2\/comments?post=14237"}],"version-history":[{"count":3,"href":"https:\/\/www.blogdotarugao.com.br\/v1\/wp-json\/wp\/v2\/posts\/14237\/revisions"}],"predecessor-version":[{"id":14241,"href":"https:\/\/www.blogdotarugao.com.br\/v1\/wp-json\/wp\/v2\/posts\/14237\/revisions\/14241"}],"wp:attachment":[{"href":"https:\/\/www.blogdotarugao.com.br\/v1\/wp-json\/wp\/v2\/media?parent=14237"}],"wp:term":[{"taxonomy":"category","embeddable":true,"href":"https:\/\/www.blogdotarugao.com.br\/v1\/wp-json\/wp\/v2\/categories?post=14237"},{"taxonomy":"post_tag","embeddable":true,"href":"https:\/\/www.blogdotarugao.com.br\/v1\/wp-json\/wp\/v2\/tags?post=14237"}],"curies":[{"name":"wp","href":"https:\/\/api.w.org\/{rel}","templated":true}]}}