{"id":142744,"date":"2021-10-14T18:37:40","date_gmt":"2021-10-14T21:37:40","guid":{"rendered":"http:\/\/www.blogdotarugao.com.br\/v1\/?p=142744"},"modified":"2021-10-14T18:59:48","modified_gmt":"2021-10-14T21:59:48","slug":"kombi-socorro-do-joao-pega-fogo-vereador-joao-de-deus-lamenta-perda","status":"publish","type":"post","link":"https:\/\/www.blogdotarugao.com.br\/v1\/2021\/10\/14\/kombi-socorro-do-joao-pega-fogo-vereador-joao-de-deus-lamenta-perda\/","title":{"rendered":"KOMBI \u2018SOCORRO DO JO\u00c3O\u2019 PEGA FOGO: VEREADOR JO\u00c3O DE DEUS LAMENTA PERDA"},"content":{"rendered":"<p><img loading=\"lazy\" class=\"alignleft\" src=\"https:\/\/www.sudoestehoje.com.br\/novoportal\/wp-content\/uploads\/2021\/10\/WhatsApp-Image-2021-10-14-at-17.35.23-500x281.jpeg\" width=\"580\" height=\"326\" \/><\/p>\n<h3>A Kombi que pegou fogo em frente \u00e0 rodovi\u00e1ria, nesta tarde, \u00e9 do atuante vereador Jo\u00e3o de Deus, e \u00e9 conhecida em Itapetinga como \u201cSocorro do Jo\u00e3o\u201d, j\u00e1 que ela era era utilizada pelo vereador para fazer o transporte de pessoas com defici\u00eancia f\u00edsica aos centros de fisioterapia e recupera\u00e7\u00e3o da cidade.<\/h3>\n<h3>A informa\u00e7\u00e3o foi dada ao Sudoeste Hoje pelo pr\u00f3prio vereador, que lamentou a perda, j\u00e1 que o ve\u00edculo prestava relevantes servi\u00e7os \u00e0 comunidade. A Kombi estava sendo reformada para retornar \u00e0s atividades, segundo o vereador.<\/h3>\n<p>&nbsp;<\/p>\n<p><img loading=\"lazy\" class=\"\" src=\"https:\/\/www.sudoestehoje.com.br\/novoportal\/wp-content\/uploads\/2021\/10\/WhatsApp-Image-2021-10-14-at-17.43.46-500x313.jpeg\" width=\"580\" height=\"363\" \/><\/p>\n<p>(Sudoeste Hoje )<\/p>\n<p><span style=\"color: #0000ff;\">RK<\/span><\/p>\n","protected":false},"excerpt":{"rendered":"<p>A Kombi que pegou fogo em frente \u00e0 rodovi\u00e1ria, nesta tarde, \u00e9 do atuante vereador Jo\u00e3o de Deus, e \u00e9 conhecida em Itapetinga como \u201cSocorro do Jo\u00e3o\u201d, j\u00e1 que ela era era utilizada pelo vereador para fazer o transporte de pessoas com defici\u00eancia f\u00edsica aos centros de fisioterapia e recupera\u00e7\u00e3o da cidade. A informa\u00e7\u00e3o foi [&hellip;]<\/p>\n","protected":false},"author":2,"featured_media":0,"comment_status":"open","ping_status":"open","sticky":false,"template":"","format":"standard","meta":{"_links_to":"","_links_to_target":""},"categories":[1],"tags":[],"_links":{"self":[{"href":"https:\/\/www.blogdotarugao.com.br\/v1\/wp-json\/wp\/v2\/posts\/142744"}],"collection":[{"href":"https:\/\/www.blogdotarugao.com.br\/v1\/wp-json\/wp\/v2\/posts"}],"about":[{"href":"https:\/\/www.blogdotarugao.com.br\/v1\/wp-json\/wp\/v2\/types\/post"}],"author":[{"embeddable":true,"href":"https:\/\/www.blogdotarugao.com.br\/v1\/wp-json\/wp\/v2\/users\/2"}],"replies":[{"embeddable":true,"href":"https:\/\/www.blogdotarugao.com.br\/v1\/wp-json\/wp\/v2\/comments?post=142744"}],"version-history":[{"count":3,"href":"https:\/\/www.blogdotarugao.com.br\/v1\/wp-json\/wp\/v2\/posts\/142744\/revisions"}],"predecessor-version":[{"id":142753,"href":"https:\/\/www.blogdotarugao.com.br\/v1\/wp-json\/wp\/v2\/posts\/142744\/revisions\/142753"}],"wp:attachment":[{"href":"https:\/\/www.blogdotarugao.com.br\/v1\/wp-json\/wp\/v2\/media?parent=142744"}],"wp:term":[{"taxonomy":"category","embeddable":true,"href":"https:\/\/www.blogdotarugao.com.br\/v1\/wp-json\/wp\/v2\/categories?post=142744"},{"taxonomy":"post_tag","embeddable":true,"href":"https:\/\/www.blogdotarugao.com.br\/v1\/wp-json\/wp\/v2\/tags?post=142744"}],"curies":[{"name":"wp","href":"https:\/\/api.w.org\/{rel}","templated":true}]}}