{"id":142746,"date":"2021-10-14T18:48:29","date_gmt":"2021-10-14T21:48:29","guid":{"rendered":"http:\/\/www.blogdotarugao.com.br\/v1\/?p=142746"},"modified":"2021-10-14T18:55:31","modified_gmt":"2021-10-14T21:55:31","slug":"prefeitura-de-itapetinga-e-defensoria-publica-juntos-para-levar-beneficios-aos-catadores-de-reciclaveis","status":"publish","type":"post","link":"https:\/\/www.blogdotarugao.com.br\/v1\/2021\/10\/14\/prefeitura-de-itapetinga-e-defensoria-publica-juntos-para-levar-beneficios-aos-catadores-de-reciclaveis\/","title":{"rendered":"PREFEITURA DE ITAPETINGA E DEFENSORIA P\u00daBLICA JUNTOS PARA LEVAR BENEF\u00cdCIOS AOS CATADORES DE RECICL\u00c1VEIS"},"content":{"rendered":"<p><img loading=\"lazy\" class=\"alignleft\" src=\"http:\/\/www.itapetinga.ba.gov.br\/wp-content\/uploads\/2021\/10\/WhatsApp-Image-2021-10-14-at-16.06.231.jpeg\" width=\"581\" height=\"387\" \/><\/p>\n<h3>Na tarde do \u00faltimo dia 06, a prefeitura de Itapetinga, em parceria com a Defensoria P\u00fablica da Bahia realizaram o I Caf\u00e9 Socioambiental com Catadores de Recicl\u00e1veis. A a\u00e7\u00e3o teve o objetivo de ofertar servi\u00e7os de prote\u00e7\u00e3o social, al\u00e9m de efetivar um espa\u00e7o de di\u00e1logo e lazer.<\/h3>\n<p><img loading=\"lazy\" class=\"\" src=\"http:\/\/www.itapetinga.ba.gov.br\/wp-content\/uploads\/2021\/10\/WhatsApp-Image-2021-10-14-at-16.06.232.jpeg\" width=\"580\" height=\"386\" \/><\/p>\n<h3>Buscando apoiar, atender e fortalecer o grupo de catadores, a prefeitura trouxe at\u00e9 eles servi\u00e7os como Bolsa Fam\u00edlia, cart\u00e3o SUS, BPC, Passe Livre, referenciamento do Cras e os demais servi\u00e7os capazes de oferecer mais vida digna a eles<\/h3>\n<p><img loading=\"lazy\" class=\"\" src=\"http:\/\/www.itapetinga.ba.gov.br\/wp-content\/uploads\/2021\/10\/WhatsApp-Image-2021-10-14-at-16.06.236.jpeg\" width=\"581\" height=\"387\" \/><\/p>\n<h3>\u201cEm abril deste ano, as Secretaria de Desenvolvimento Social e Meio Ambiente estabeleceram um protocolo integrado de redu\u00e7\u00e3o de impactos socioambientais, com o objetivo de proteger o ambiente, sem descuidar da popula\u00e7\u00e3o mais vulner\u00e1vel\u201d, afirmou a secret\u00e1ria de Desenvolvimento Social, Andrea Carolina.<\/h3>\n<p><img loading=\"lazy\" class=\"\" src=\"http:\/\/www.itapetinga.ba.gov.br\/wp-content\/uploads\/2021\/10\/WhatsApp-Image-2021-10-14-at-16.06.235-470x313.jpeg\" width=\"580\" height=\"386\" \/><\/p>\n<h3>De acordo com F\u00e1bio Viana, secret\u00e1rio de Meio Ambiente, naquela tarde, foi consolidada \u201ca parceria com a Defensoria P\u00fablica do Estado da Bahia, oferecendo prote\u00e7\u00e3o social para os catadores atendidos pelo Projeto M\u00e3os que Reciclam. Isso tamb\u00e9m \u00e9 uma forma de reconhecimento pelo trabalho importante que fazem na prote\u00e7\u00e3o ambiental do nosso munic\u00edpio\u201d.<\/h3>\n<p><span style=\"color: #0000ff;\">RK<\/span><\/p>\n","protected":false},"excerpt":{"rendered":"<p>Na tarde do \u00faltimo dia 06, a prefeitura de Itapetinga, em parceria com a Defensoria P\u00fablica da Bahia realizaram o I Caf\u00e9 Socioambiental com Catadores de Recicl\u00e1veis. A a\u00e7\u00e3o teve o objetivo de ofertar servi\u00e7os de prote\u00e7\u00e3o social, al\u00e9m de efetivar um espa\u00e7o de di\u00e1logo e lazer. Buscando apoiar, atender e fortalecer o grupo de [&hellip;]<\/p>\n","protected":false},"author":2,"featured_media":0,"comment_status":"open","ping_status":"open","sticky":false,"template":"","format":"standard","meta":{"_links_to":"","_links_to_target":""},"categories":[1],"tags":[],"_links":{"self":[{"href":"https:\/\/www.blogdotarugao.com.br\/v1\/wp-json\/wp\/v2\/posts\/142746"}],"collection":[{"href":"https:\/\/www.blogdotarugao.com.br\/v1\/wp-json\/wp\/v2\/posts"}],"about":[{"href":"https:\/\/www.blogdotarugao.com.br\/v1\/wp-json\/wp\/v2\/types\/post"}],"author":[{"embeddable":true,"href":"https:\/\/www.blogdotarugao.com.br\/v1\/wp-json\/wp\/v2\/users\/2"}],"replies":[{"embeddable":true,"href":"https:\/\/www.blogdotarugao.com.br\/v1\/wp-json\/wp\/v2\/comments?post=142746"}],"version-history":[{"count":2,"href":"https:\/\/www.blogdotarugao.com.br\/v1\/wp-json\/wp\/v2\/posts\/142746\/revisions"}],"predecessor-version":[{"id":142751,"href":"https:\/\/www.blogdotarugao.com.br\/v1\/wp-json\/wp\/v2\/posts\/142746\/revisions\/142751"}],"wp:attachment":[{"href":"https:\/\/www.blogdotarugao.com.br\/v1\/wp-json\/wp\/v2\/media?parent=142746"}],"wp:term":[{"taxonomy":"category","embeddable":true,"href":"https:\/\/www.blogdotarugao.com.br\/v1\/wp-json\/wp\/v2\/categories?post=142746"},{"taxonomy":"post_tag","embeddable":true,"href":"https:\/\/www.blogdotarugao.com.br\/v1\/wp-json\/wp\/v2\/tags?post=142746"}],"curies":[{"name":"wp","href":"https:\/\/api.w.org\/{rel}","templated":true}]}}