{"id":142873,"date":"2021-10-19T18:42:46","date_gmt":"2021-10-19T21:42:46","guid":{"rendered":"https:\/\/www.blogdotarugao.com.br\/v1\/?p=142873"},"modified":"2021-10-19T18:42:46","modified_gmt":"2021-10-19T21:42:46","slug":"comandante-da-pm-garante-carnaval-em-salvador-nao-tenho-duvidas-que-vai-ter","status":"publish","type":"post","link":"https:\/\/www.blogdotarugao.com.br\/v1\/2021\/10\/19\/comandante-da-pm-garante-carnaval-em-salvador-nao-tenho-duvidas-que-vai-ter\/","title":{"rendered":"COMANDANTE DA PM GARANTE CARNAVAL EM SALVADOR: &#8216;N\u00c3O TENHO D\u00daVIDAS QUE VAI TER&#8217;"},"content":{"rendered":"<div id=\"post-body-4056975066059619395\" class=\"post-body entry-content\">\n<h3><img loading=\"lazy\" class=\"wp-image-142874 alignleft\" src=\"http:\/\/www.blogdotarugao.com.br\/v1\/wp-content\/uploads\/2021\/10\/a-32.jpg\" alt=\"\" width=\"584\" height=\"409\" \/>Durante audi\u00eancia p\u00fablica realizada nesta ter\u00e7a-feira (19) na C\u00e2mara Municipal de Salvador para debater a realiza\u00e7\u00e3o do Carnaval e demais festas populares, o coronel Xavier, comandante de Opera\u00e7\u00f5es da Pol\u00edcia Militar disse n\u00e3o ter d\u00favidas de a capital baiana contar\u00e1 com a festa de rua em 2022.<\/h3>\n<h3>\u201cEu n\u00e3o tenho d\u00favida que vai ter [Carnaval]. A quest\u00e3o \u00e9 como ser\u00e1? Essa \u00e9 a nossa preocupa\u00e7\u00e3o do ponto de vista da seguran\u00e7a p\u00fablica, qual vai ser a modelagem desse Carnaval, n\u00f3s vamos manter o que sempre existiu, ou n\u00f3s teremos algumas adapta\u00e7\u00f5es para que o Carnaval ocorra. O grande inimigo do Carnaval \u00e9 o tempo. O tempo conspira contra o Carnaval\u201d, afirmou o coronel.<\/h3>\n<h3>Ainda de acordo com Xavier,\u00a0 a PM j\u00e1 planeja a\u00e7\u00f5es de atua\u00e7\u00e3o em conversas com a Secretaria de Turismo (Saltur).<\/h3>\n<h3>\u201cN\u00f3s j\u00e1 estamos mergulhados no planejamento do pr\u00f3ximo Carnaval, j\u00e1 existe um di\u00e1logo com Isaac Edignton [presidente da , e j\u00e1 come\u00e7amos a tratar sobre esse grande evento. Nosso estado precisa disso, s\u00e3o muitos interesses envolvidos, e o que n\u00f3s pudermos fazer para que a festa aconte\u00e7a, a Pol\u00edcia Militar ir\u00e1 fazer\u201d, acrescentou.<\/h3>\n<\/div>\n","protected":false},"excerpt":{"rendered":"<p>Durante audi\u00eancia p\u00fablica realizada nesta ter\u00e7a-feira (19) na C\u00e2mara Municipal de Salvador para debater a realiza\u00e7\u00e3o do Carnaval e demais festas populares, o coronel Xavier, comandante de Opera\u00e7\u00f5es da Pol\u00edcia Militar disse n\u00e3o ter d\u00favidas de a capital baiana contar\u00e1 com a festa de rua em 2022. \u201cEu n\u00e3o tenho d\u00favida que vai ter [Carnaval]. [&hellip;]<\/p>\n","protected":false},"author":2,"featured_media":0,"comment_status":"open","ping_status":"open","sticky":false,"template":"","format":"standard","meta":{"_links_to":"","_links_to_target":""},"categories":[1],"tags":[],"_links":{"self":[{"href":"https:\/\/www.blogdotarugao.com.br\/v1\/wp-json\/wp\/v2\/posts\/142873"}],"collection":[{"href":"https:\/\/www.blogdotarugao.com.br\/v1\/wp-json\/wp\/v2\/posts"}],"about":[{"href":"https:\/\/www.blogdotarugao.com.br\/v1\/wp-json\/wp\/v2\/types\/post"}],"author":[{"embeddable":true,"href":"https:\/\/www.blogdotarugao.com.br\/v1\/wp-json\/wp\/v2\/users\/2"}],"replies":[{"embeddable":true,"href":"https:\/\/www.blogdotarugao.com.br\/v1\/wp-json\/wp\/v2\/comments?post=142873"}],"version-history":[{"count":1,"href":"https:\/\/www.blogdotarugao.com.br\/v1\/wp-json\/wp\/v2\/posts\/142873\/revisions"}],"predecessor-version":[{"id":142875,"href":"https:\/\/www.blogdotarugao.com.br\/v1\/wp-json\/wp\/v2\/posts\/142873\/revisions\/142875"}],"wp:attachment":[{"href":"https:\/\/www.blogdotarugao.com.br\/v1\/wp-json\/wp\/v2\/media?parent=142873"}],"wp:term":[{"taxonomy":"category","embeddable":true,"href":"https:\/\/www.blogdotarugao.com.br\/v1\/wp-json\/wp\/v2\/categories?post=142873"},{"taxonomy":"post_tag","embeddable":true,"href":"https:\/\/www.blogdotarugao.com.br\/v1\/wp-json\/wp\/v2\/tags?post=142873"}],"curies":[{"name":"wp","href":"https:\/\/api.w.org\/{rel}","templated":true}]}}