{"id":142890,"date":"2021-10-20T08:29:23","date_gmt":"2021-10-20T11:29:23","guid":{"rendered":"http:\/\/www.blogdotarugao.com.br\/v1\/?p=142890"},"modified":"2021-10-20T08:29:23","modified_gmt":"2021-10-20T11:29:23","slug":"apos-30-dias-vitoria-da-conquista-registra-a-morte-de-um-morador-por-covid-19","status":"publish","type":"post","link":"https:\/\/www.blogdotarugao.com.br\/v1\/2021\/10\/20\/apos-30-dias-vitoria-da-conquista-registra-a-morte-de-um-morador-por-covid-19\/","title":{"rendered":"AP\u00d3S 30 DIAS, VIT\u00d3RIA DA CONQUISTA REGISTRA A MORTE DE UM MORADOR POR COVID-19"},"content":{"rendered":"<h3><img loading=\"lazy\" class=\"alignnone  wp-image-66098 alignleft\" src=\"http:\/\/www.blogdotarugao.com.br\/v1\/wp-content\/uploads\/2016\/08\/Vitoria-da-Conquista-300x194.jpg\" alt=\"\" width=\"580\" height=\"375\" srcset=\"https:\/\/www.blogdotarugao.com.br\/v1\/wp-content\/uploads\/2016\/08\/Vitoria-da-Conquista-300x194.jpg 300w, https:\/\/www.blogdotarugao.com.br\/v1\/wp-content\/uploads\/2016\/08\/Vitoria-da-Conquista.jpg 320w\" sizes=\"(max-width: 580px) 100vw, 580px\" \/><\/h3>\n<h3>Ap\u00f3s 30 dias sem registro de \u00f3bito, foi informada \u00e0 Secretaria Municipal de Sa\u00fade, nesta ter\u00e7a-feira (19), a morte de homem, 76 anos, residente do bairro Miro Cairo, por Covid-19, ocorrida ontem. O paciente estava internado desde o dia 05, no Hospital Geral de Vit\u00f3ria da Conquista. At\u00e9 17 horas de hoje, houve tr\u00eas novos caso confirmados.<\/h3>\n<h3>De acordo com o boletim epidemiol\u00f3gico, foram confirmados 35.066 casos desde o in\u00edcio da pandemia e, destes, 34.423 est\u00e3o recuperados, 618 evolu\u00edram para \u00f3bito e 25 est\u00e3o em recupera\u00e7\u00e3o.<\/h3>\n<h3>Ainda aguardam classifica\u00e7\u00e3o final 190 casos suspeitos.<\/h3>\n<h3>Ocupa\u00e7\u00e3o de leitos \u2013 No momento, 14 pessoas encontram-se internadas, sendo sete de Vit\u00f3ria da Conquista e sete de outros munic\u00edpios. Do total de 68 leitos (38 cl\u00ednicos e 30 de UTI), a taxa de ocupa\u00e7\u00e3o de leitos cl\u00ednicos est\u00e1 em 21,1% e de leitos de UTI em 20,0%.<\/h3>\n<p><span style=\"color: #0000ff;\">RK<\/span><\/p>\n","protected":false},"excerpt":{"rendered":"<p>Ap\u00f3s 30 dias sem registro de \u00f3bito, foi informada \u00e0 Secretaria Municipal de Sa\u00fade, nesta ter\u00e7a-feira (19), a morte de homem, 76 anos, residente do bairro Miro Cairo, por Covid-19, ocorrida ontem. O paciente estava internado desde o dia 05, no Hospital Geral de Vit\u00f3ria da Conquista. At\u00e9 17 horas de hoje, houve tr\u00eas novos [&hellip;]<\/p>\n","protected":false},"author":2,"featured_media":0,"comment_status":"open","ping_status":"open","sticky":false,"template":"","format":"standard","meta":{"_links_to":"","_links_to_target":""},"categories":[1],"tags":[],"_links":{"self":[{"href":"https:\/\/www.blogdotarugao.com.br\/v1\/wp-json\/wp\/v2\/posts\/142890"}],"collection":[{"href":"https:\/\/www.blogdotarugao.com.br\/v1\/wp-json\/wp\/v2\/posts"}],"about":[{"href":"https:\/\/www.blogdotarugao.com.br\/v1\/wp-json\/wp\/v2\/types\/post"}],"author":[{"embeddable":true,"href":"https:\/\/www.blogdotarugao.com.br\/v1\/wp-json\/wp\/v2\/users\/2"}],"replies":[{"embeddable":true,"href":"https:\/\/www.blogdotarugao.com.br\/v1\/wp-json\/wp\/v2\/comments?post=142890"}],"version-history":[{"count":1,"href":"https:\/\/www.blogdotarugao.com.br\/v1\/wp-json\/wp\/v2\/posts\/142890\/revisions"}],"predecessor-version":[{"id":142891,"href":"https:\/\/www.blogdotarugao.com.br\/v1\/wp-json\/wp\/v2\/posts\/142890\/revisions\/142891"}],"wp:attachment":[{"href":"https:\/\/www.blogdotarugao.com.br\/v1\/wp-json\/wp\/v2\/media?parent=142890"}],"wp:term":[{"taxonomy":"category","embeddable":true,"href":"https:\/\/www.blogdotarugao.com.br\/v1\/wp-json\/wp\/v2\/categories?post=142890"},{"taxonomy":"post_tag","embeddable":true,"href":"https:\/\/www.blogdotarugao.com.br\/v1\/wp-json\/wp\/v2\/tags?post=142890"}],"curies":[{"name":"wp","href":"https:\/\/api.w.org\/{rel}","templated":true}]}}