{"id":142895,"date":"2021-10-20T08:36:22","date_gmt":"2021-10-20T11:36:22","guid":{"rendered":"http:\/\/www.blogdotarugao.com.br\/v1\/?p=142895"},"modified":"2021-10-20T08:50:52","modified_gmt":"2021-10-20T11:50:52","slug":"presidente-jair-bolsonaro-da-inicio-a-jornada-das-aguas-para-garantir-seguranca-hidrica-em-regioes-secas","status":"publish","type":"post","link":"https:\/\/www.blogdotarugao.com.br\/v1\/2021\/10\/20\/presidente-jair-bolsonaro-da-inicio-a-jornada-das-aguas-para-garantir-seguranca-hidrica-em-regioes-secas\/","title":{"rendered":"PRESIDENTE JAIR BOLSONARO D\u00c1 IN\u00cdCIO \u00c0 JORNADA DAS \u00c1GUAS PARA GARANTIR SEGURAN\u00c7A H\u00cdDRICA EM REGI\u00d5ES SECAS"},"content":{"rendered":"<h3><img loading=\"lazy\" class=\"alignleft\" src=\"https:\/\/static.blogdaresenhageral.com.br\/wp-content\/uploads\/2021\/10\/19170205\/xxx-1.png\" width=\"580\" height=\"384\" \/><\/h3>\n<h3>Governo do Brasil, por meio do Minist\u00e9rio do Desenvolvimento Regional iniciou nesta segunda-feira (18), a Jornada das \u00c1guas com a\u00e7\u00f5es para levar \u00e1gua \u00e0s regi\u00f5es mais secas. Na cidade onde est\u00e1 localizada a nascente hist\u00f3rica do Rio S\u00e3o Francisco, S\u00e3o Roque de Minas (MG). O Presidente Jair Bolsonaro e o Ministro do Desenvolvimento Regional, Rog\u00e9rio Marinho, participaram do evento.<\/h3>\n<h3>A jornada passar\u00e1 pelos nove estados da regi\u00e3o Nordeste onde o Minist\u00e9rio do Desenvolvimento Regional far\u00e1 an\u00fancios e entregas de obras de infraestrutura, preserva\u00e7\u00e3o e recupera\u00e7\u00e3o de nascentes e cursos d\u2019\u00e1gua, saneamento, irriga\u00e7\u00e3o, al\u00e9m de apoio ao setor produtivo e aos munic\u00edpios.<br \/>\n\u201cQuando se fala em vida, tem que se falar em \u00e1gua\u201d, disse o Presidente Jair Bolsonaro. \u201cA \u00e1gua aqui n\u00e3o \u00e9 apenas para Minas Gerais, \u00e9 para o nosso Nordeste, para os nossos irm\u00e3os nordestinos. Se n\u00e3o preservarmos aqui faltar\u00e1 l\u00e1\u201d, completou.<\/h3>\n<h3>\u201cPreservando esses mananciais, estamos garantindo que o \u2018Velho Chico\u2019 vai continuar com \u00e1gua. \u00c1gua o suficiente para a transposi\u00e7\u00e3o atender aos nossos irm\u00e3os nordestinos\u201d, acrescentou o Presidente Jair Bolsonaro.<\/h3>\n<p><span style=\"color: #0000ff;\">RK<\/span><\/p>\n","protected":false},"excerpt":{"rendered":"<p>Governo do Brasil, por meio do Minist\u00e9rio do Desenvolvimento Regional iniciou nesta segunda-feira (18), a Jornada das \u00c1guas com a\u00e7\u00f5es para levar \u00e1gua \u00e0s regi\u00f5es mais secas. Na cidade onde est\u00e1 localizada a nascente hist\u00f3rica do Rio S\u00e3o Francisco, S\u00e3o Roque de Minas (MG). O Presidente Jair Bolsonaro e o Ministro do Desenvolvimento Regional, Rog\u00e9rio [&hellip;]<\/p>\n","protected":false},"author":2,"featured_media":0,"comment_status":"open","ping_status":"open","sticky":false,"template":"","format":"standard","meta":{"_links_to":"","_links_to_target":""},"categories":[1],"tags":[],"_links":{"self":[{"href":"https:\/\/www.blogdotarugao.com.br\/v1\/wp-json\/wp\/v2\/posts\/142895"}],"collection":[{"href":"https:\/\/www.blogdotarugao.com.br\/v1\/wp-json\/wp\/v2\/posts"}],"about":[{"href":"https:\/\/www.blogdotarugao.com.br\/v1\/wp-json\/wp\/v2\/types\/post"}],"author":[{"embeddable":true,"href":"https:\/\/www.blogdotarugao.com.br\/v1\/wp-json\/wp\/v2\/users\/2"}],"replies":[{"embeddable":true,"href":"https:\/\/www.blogdotarugao.com.br\/v1\/wp-json\/wp\/v2\/comments?post=142895"}],"version-history":[{"count":2,"href":"https:\/\/www.blogdotarugao.com.br\/v1\/wp-json\/wp\/v2\/posts\/142895\/revisions"}],"predecessor-version":[{"id":142905,"href":"https:\/\/www.blogdotarugao.com.br\/v1\/wp-json\/wp\/v2\/posts\/142895\/revisions\/142905"}],"wp:attachment":[{"href":"https:\/\/www.blogdotarugao.com.br\/v1\/wp-json\/wp\/v2\/media?parent=142895"}],"wp:term":[{"taxonomy":"category","embeddable":true,"href":"https:\/\/www.blogdotarugao.com.br\/v1\/wp-json\/wp\/v2\/categories?post=142895"},{"taxonomy":"post_tag","embeddable":true,"href":"https:\/\/www.blogdotarugao.com.br\/v1\/wp-json\/wp\/v2\/tags?post=142895"}],"curies":[{"name":"wp","href":"https:\/\/api.w.org\/{rel}","templated":true}]}}