{"id":142908,"date":"2021-10-20T09:00:33","date_gmt":"2021-10-20T12:00:33","guid":{"rendered":"http:\/\/www.blogdotarugao.com.br\/v1\/?p=142908"},"modified":"2021-10-20T09:00:33","modified_gmt":"2021-10-20T12:00:33","slug":"sessao-especial-em-homenagem-ao-dia-do-professor-acontece-nesta-quinta-feira-21","status":"publish","type":"post","link":"https:\/\/www.blogdotarugao.com.br\/v1\/2021\/10\/20\/sessao-especial-em-homenagem-ao-dia-do-professor-acontece-nesta-quinta-feira-21\/","title":{"rendered":"SESS\u00c3O ESPECIAL EM HOMENAGEM AO DIA DO PROFESSOR ACONTECE NESTA QUINTA-FEIRA (21)"},"content":{"rendered":"<h3><img loading=\"lazy\" class=\"alignleft\" src=\"https:\/\/www.itapetinga.ba.leg.br\/site\/wp-content\/uploads\/2021\/10\/WhatsApp-Image-2021-10-18-at-23.16.30.jpeg\" width=\"577\" height=\"577\" \/><\/h3>\n<h3>De autoria da vereadora Sibele Nery (PT), a C\u00e2mara Municipal de Itapetinga vai realizar uma sess\u00e3o especial em homenagem ao Dia do Professor, comemorado neste m\u00eas de outubro. O evento acontecer\u00e1 nesta quinta-feira (21), \u00e0s 19 horas, no Plen\u00e1rio Ulysses Guimar\u00e3es.<\/h3>\n<h3>No requerimento em que solicitou a realiza\u00e7\u00e3o da sess\u00e3o especial, Sibele Nery destaca que essa \u00e9 uma das profiss\u00f5es mais importantes que existem no pa\u00eds, mas \u00e9 pouco reconhecida.<\/h3>\n<h3>Nesse sentido, a sess\u00e3o busca colaborar para o reconhecimento do trabalho desempenhado pelos educadores, valorizando e estimulando o desenvolvimento de uma educa\u00e7\u00e3o cada vez melhor.<\/h3>\n<h3><em>\u201cA miss\u00e3o de ensinar uma crian\u00e7a configura-se um verdadeiro sacerd\u00f3cio, pois um novo ser se forma com esp\u00edrito cr\u00edtico, que exercer\u00e1 sua cidadania. Pelas dificuldades que enfrentam diariamente os professores, n\u00e3o h\u00e1 outra classe com maior import\u00e2ncia para o crescimento e desenvolvimento da nossa sociedade\u201d<\/em>, justifica a vereadora.<\/h3>\n<h3>As sess\u00f5es da C\u00e2mara de Vereadores s\u00e3o transmitidas ao vivo pelo canal\u00a0<a href=\"https:\/\/www.youtube.com\/tvcamaraitapetinga\">TV C\u00e2mara Itapetinga<\/a>\u00a0no YouTube, Instagram\u00a0<a href=\"https:\/\/www.instagram.com\/camaraitapetinga\/\">@camaraitapetinga<\/a>\u00a0e R\u00e1dio Fascina\u00e7\u00e3o AM.<\/h3>\n<h3>Em raz\u00e3o da pandemia da Covid-19, as pessoas que desejarem comparecer ao Plen\u00e1rio dever\u00e3o usar m\u00e1scara, higienizar as m\u00e3os e respeitar o distanciamento social.<\/h3>\n<p><span style=\"color: #0000ff;\">RK<\/span><\/p>\n","protected":false},"excerpt":{"rendered":"<p>De autoria da vereadora Sibele Nery (PT), a C\u00e2mara Municipal de Itapetinga vai realizar uma sess\u00e3o especial em homenagem ao Dia do Professor, comemorado neste m\u00eas de outubro. O evento acontecer\u00e1 nesta quinta-feira (21), \u00e0s 19 horas, no Plen\u00e1rio Ulysses Guimar\u00e3es. No requerimento em que solicitou a realiza\u00e7\u00e3o da sess\u00e3o especial, Sibele Nery destaca que [&hellip;]<\/p>\n","protected":false},"author":2,"featured_media":0,"comment_status":"open","ping_status":"open","sticky":false,"template":"","format":"standard","meta":{"_links_to":"","_links_to_target":""},"categories":[1],"tags":[],"_links":{"self":[{"href":"https:\/\/www.blogdotarugao.com.br\/v1\/wp-json\/wp\/v2\/posts\/142908"}],"collection":[{"href":"https:\/\/www.blogdotarugao.com.br\/v1\/wp-json\/wp\/v2\/posts"}],"about":[{"href":"https:\/\/www.blogdotarugao.com.br\/v1\/wp-json\/wp\/v2\/types\/post"}],"author":[{"embeddable":true,"href":"https:\/\/www.blogdotarugao.com.br\/v1\/wp-json\/wp\/v2\/users\/2"}],"replies":[{"embeddable":true,"href":"https:\/\/www.blogdotarugao.com.br\/v1\/wp-json\/wp\/v2\/comments?post=142908"}],"version-history":[{"count":1,"href":"https:\/\/www.blogdotarugao.com.br\/v1\/wp-json\/wp\/v2\/posts\/142908\/revisions"}],"predecessor-version":[{"id":142909,"href":"https:\/\/www.blogdotarugao.com.br\/v1\/wp-json\/wp\/v2\/posts\/142908\/revisions\/142909"}],"wp:attachment":[{"href":"https:\/\/www.blogdotarugao.com.br\/v1\/wp-json\/wp\/v2\/media?parent=142908"}],"wp:term":[{"taxonomy":"category","embeddable":true,"href":"https:\/\/www.blogdotarugao.com.br\/v1\/wp-json\/wp\/v2\/categories?post=142908"},{"taxonomy":"post_tag","embeddable":true,"href":"https:\/\/www.blogdotarugao.com.br\/v1\/wp-json\/wp\/v2\/tags?post=142908"}],"curies":[{"name":"wp","href":"https:\/\/api.w.org\/{rel}","templated":true}]}}